{"id":732,"date":"2018-07-03T08:42:23","date_gmt":"2018-07-03T06:42:23","guid":{"rendered":"http:\/\/pastorale-scolaire.net\/tournai-secondaire\/?p=732"},"modified":"2020-09-17T14:11:06","modified_gmt":"2020-09-17T12:11:06","slug":"journees-diocesaines-2010-a-2017","status":"publish","type":"post","link":"http:\/\/pastorale-scolaire.net\/tournai-secondaire\/journees-diocesaines-2010-a-2017\/","title":{"rendered":"Journ\u00e9es dioc\u00e9saines 2010 \u00e0 2017"},"content":{"rendered":"\t\t<div data-elementor-type=\"wp-post\" data-elementor-id=\"732\" class=\"elementor elementor-732\">\n\t\t\t\t\t\t\t\t\t<section class=\"elementor-section elementor-top-section elementor-element elementor-element-4f098ee elementor-section-boxed elementor-section-height-default elementor-section-height-default\" data-id=\"4f098ee\" data-element_type=\"section\">\n\t\t\t\t\t\t<div class=\"elementor-container elementor-column-gap-default\">\n\t\t\t\t\t<div class=\"elementor-column elementor-col-14 elementor-top-column elementor-element elementor-element-38b8586\" data-id=\"38b8586\" data-element_type=\"column\">\n\t\t\t<div class=\"elementor-widget-wrap elementor-element-populated\">\n\t\t\t\t\t\t\t\t<div class=\"elementor-element elementor-element-9fadf16 elementor-align-center elementor-widget elementor-widget-button\" data-id=\"9fadf16\" data-element_type=\"widget\" data-widget_type=\"button.default\">\n\t\t\t\t<div class=\"elementor-widget-container\">\n\t\t\t\t\t<div class=\"elementor-button-wrapper\">\n\t\t\t<a class=\"elementor-button elementor-button-link elementor-size-sm\" href=\"#2017\">\n\t\t\t\t\t\t<span class=\"elementor-button-content-wrapper\">\n\t\t\t\t\t\t<span class=\"elementor-button-text\">2017<\/span>\n\t\t<\/span>\n\t\t\t\t\t<\/a>\n\t\t<\/div>\n\t\t\t\t<\/div>\n\t\t\t\t<\/div>\n\t\t\t\t\t<\/div>\n\t\t<\/div>\n\t\t\t\t<div class=\"elementor-column elementor-col-14 elementor-top-column elementor-element elementor-element-d09fea5\" data-id=\"d09fea5\" data-element_type=\"column\">\n\t\t\t<div class=\"elementor-widget-wrap elementor-element-populated\">\n\t\t\t\t\t\t\t\t<div class=\"elementor-element elementor-element-4333064 elementor-align-center elementor-widget elementor-widget-button\" data-id=\"4333064\" data-element_type=\"widget\" data-widget_type=\"button.default\">\n\t\t\t\t<div class=\"elementor-widget-container\">\n\t\t\t\t\t<div class=\"elementor-button-wrapper\">\n\t\t\t<a class=\"elementor-button elementor-button-link elementor-size-sm\" href=\"#2016\">\n\t\t\t\t\t\t<span class=\"elementor-button-content-wrapper\">\n\t\t\t\t\t\t<span class=\"elementor-button-text\">2016<\/span>\n\t\t<\/span>\n\t\t\t\t\t<\/a>\n\t\t<\/div>\n\t\t\t\t<\/div>\n\t\t\t\t<\/div>\n\t\t\t\t\t<\/div>\n\t\t<\/div>\n\t\t\t\t<div class=\"elementor-column elementor-col-14 elementor-top-column elementor-element elementor-element-1ef54af\" data-id=\"1ef54af\" data-element_type=\"column\">\n\t\t\t<div class=\"elementor-widget-wrap elementor-element-populated\">\n\t\t\t\t\t\t\t\t<div class=\"elementor-element elementor-element-96070db elementor-align-center elementor-widget elementor-widget-button\" data-id=\"96070db\" data-element_type=\"widget\" data-widget_type=\"button.default\">\n\t\t\t\t<div class=\"elementor-widget-container\">\n\t\t\t\t\t<div class=\"elementor-button-wrapper\">\n\t\t\t<a class=\"elementor-button elementor-button-link elementor-size-sm\" href=\"#2015\">\n\t\t\t\t\t\t<span class=\"elementor-button-content-wrapper\">\n\t\t\t\t\t\t<span class=\"elementor-button-text\">2015<\/span>\n\t\t<\/span>\n\t\t\t\t\t<\/a>\n\t\t<\/div>\n\t\t\t\t<\/div>\n\t\t\t\t<\/div>\n\t\t\t\t\t<\/div>\n\t\t<\/div>\n\t\t\t\t<div class=\"elementor-column elementor-col-14 elementor-top-column elementor-element elementor-element-9e61e44\" data-id=\"9e61e44\" data-element_type=\"column\">\n\t\t\t<div class=\"elementor-widget-wrap elementor-element-populated\">\n\t\t\t\t\t\t\t\t<div class=\"elementor-element elementor-element-a1f38fc elementor-align-center elementor-widget elementor-widget-button\" data-id=\"a1f38fc\" data-element_type=\"widget\" data-widget_type=\"button.default\">\n\t\t\t\t<div class=\"elementor-widget-container\">\n\t\t\t\t\t<div class=\"elementor-button-wrapper\">\n\t\t\t<a class=\"elementor-button elementor-button-link elementor-size-sm\" href=\"#2013\">\n\t\t\t\t\t\t<span class=\"elementor-button-content-wrapper\">\n\t\t\t\t\t\t<span class=\"elementor-button-text\">2013<\/span>\n\t\t<\/span>\n\t\t\t\t\t<\/a>\n\t\t<\/div>\n\t\t\t\t<\/div>\n\t\t\t\t<\/div>\n\t\t\t\t\t<\/div>\n\t\t<\/div>\n\t\t\t\t<div class=\"elementor-column elementor-col-14 elementor-top-column elementor-element elementor-element-40363e2\" data-id=\"40363e2\" data-element_type=\"column\">\n\t\t\t<div class=\"elementor-widget-wrap elementor-element-populated\">\n\t\t\t\t\t\t\t\t<div class=\"elementor-element elementor-element-e682f5d elementor-align-center elementor-widget elementor-widget-button\" data-id=\"e682f5d\" data-element_type=\"widget\" data-widget_type=\"button.default\">\n\t\t\t\t<div class=\"elementor-widget-container\">\n\t\t\t\t\t<div class=\"elementor-button-wrapper\">\n\t\t\t<a class=\"elementor-button elementor-button-link elementor-size-sm\" href=\"#2012\">\n\t\t\t\t\t\t<span class=\"elementor-button-content-wrapper\">\n\t\t\t\t\t\t<span class=\"elementor-button-text\">2012<\/span>\n\t\t<\/span>\n\t\t\t\t\t<\/a>\n\t\t<\/div>\n\t\t\t\t<\/div>\n\t\t\t\t<\/div>\n\t\t\t\t\t<\/div>\n\t\t<\/div>\n\t\t\t\t<div class=\"elementor-column elementor-col-14 elementor-top-column elementor-element elementor-element-bb2c84d\" data-id=\"bb2c84d\" data-element_type=\"column\">\n\t\t\t<div class=\"elementor-widget-wrap elementor-element-populated\">\n\t\t\t\t\t\t\t\t<div class=\"elementor-element elementor-element-ffe3d5f elementor-align-center elementor-widget elementor-widget-button\" data-id=\"ffe3d5f\" data-element_type=\"widget\" data-widget_type=\"button.default\">\n\t\t\t\t<div class=\"elementor-widget-container\">\n\t\t\t\t\t<div class=\"elementor-button-wrapper\">\n\t\t\t<a class=\"elementor-button elementor-button-link elementor-size-sm\" href=\"#2011\">\n\t\t\t\t\t\t<span class=\"elementor-button-content-wrapper\">\n\t\t\t\t\t\t<span class=\"elementor-button-text\">2011<\/span>\n\t\t<\/span>\n\t\t\t\t\t<\/a>\n\t\t<\/div>\n\t\t\t\t<\/div>\n\t\t\t\t<\/div>\n\t\t\t\t\t<\/div>\n\t\t<\/div>\n\t\t\t\t<div class=\"elementor-column elementor-col-14 elementor-top-column elementor-element elementor-element-7f27ec0\" data-id=\"7f27ec0\" data-element_type=\"column\">\n\t\t\t<div class=\"elementor-widget-wrap elementor-element-populated\">\n\t\t\t\t\t\t\t\t<div class=\"elementor-element elementor-element-9ee7b6d elementor-align-center elementor-widget elementor-widget-button\" data-id=\"9ee7b6d\" data-element_type=\"widget\" data-widget_type=\"button.default\">\n\t\t\t\t<div class=\"elementor-widget-container\">\n\t\t\t\t\t<div class=\"elementor-button-wrapper\">\n\t\t\t<a class=\"elementor-button elementor-button-link elementor-size-sm\" href=\"#2010\">\n\t\t\t\t\t\t<span class=\"elementor-button-content-wrapper\">\n\t\t\t\t\t\t<span class=\"elementor-button-text\">2010<\/span>\n\t\t<\/span>\n\t\t\t\t\t<\/a>\n\t\t<\/div>\n\t\t\t\t<\/div>\n\t\t\t\t<\/div>\n\t\t\t\t\t<\/div>\n\t\t<\/div>\n\t\t\t\t\t\t\t<\/div>\n\t\t<\/section>\n\t\t\t\t<section class=\"elementor-section elementor-top-section elementor-element elementor-element-7249a3a elementor-section-boxed elementor-section-height-default elementor-section-height-default\" data-id=\"7249a3a\" data-element_type=\"section\">\n\t\t\t\t\t\t<div class=\"elementor-container elementor-column-gap-default\">\n\t\t\t\t\t<div class=\"elementor-column elementor-col-100 elementor-top-column elementor-element elementor-element-cddf323\" data-id=\"cddf323\" data-element_type=\"column\">\n\t\t\t<div class=\"elementor-widget-wrap elementor-element-populated\">\n\t\t\t\t\t\t\t\t<div class=\"elementor-element elementor-element-a46c939 elementor-widget elementor-widget-menu-anchor\" data-id=\"a46c939\" data-element_type=\"widget\" data-widget_type=\"menu-anchor.default\">\n\t\t\t\t<div class=\"elementor-widget-container\">\n\t\t\t\t\t<div id=\"2017\" class=\"elementor-menu-anchor\"><\/div>\n\t\t\t\t<\/div>\n\t\t\t\t<\/div>\n\t\t\t\t\t<\/div>\n\t\t<\/div>\n\t\t\t\t\t\t\t<\/div>\n\t\t<\/section>\n\t\t\t\t<section class=\"elementor-section elementor-top-section elementor-element elementor-element-825d86e elementor-section-boxed elementor-section-height-default elementor-section-height-default\" data-id=\"825d86e\" data-element_type=\"section\">\n\t\t\t\t\t\t<div class=\"elementor-container elementor-column-gap-default\">\n\t\t\t\t\t<div class=\"elementor-column elementor-col-100 elementor-top-column elementor-element elementor-element-6a5548a\" data-id=\"6a5548a\" data-element_type=\"column\">\n\t\t\t<div class=\"elementor-widget-wrap elementor-element-populated\">\n\t\t\t\t\t\t\t\t<div class=\"elementor-element elementor-element-4eef998 elementor-widget elementor-widget-text-editor\" data-id=\"4eef998\" data-element_type=\"widget\" data-widget_type=\"text-editor.default\">\n\t\t\t\t<div class=\"elementor-widget-container\">\n\t\t\t\t\t\t\t<h2 style=\"text-align: center;\">Journ\u00e9e dioc\u00e9saine 2017 &#8211; Ecole des Ursulines de Mons<\/h2><h3 style=\"text-align: center;\">Myriam Tonus : Les jeunes et le Sens<\/h3><p><em><strong>Les<\/strong> <\/em>jeunes &#8211; <em><strong>Le<\/strong> <\/em>sens&#8230;<\/p><p>Voil\u00e0 des englobants bien commodes. Deux articles englobants qui donnent \u00e0 entendre qu&rsquo;il existerait bel et bien un ensemble humain homog\u00e8ne, rassemblant tous les individus d&rsquo;une classe d&rsquo;\u00e2ge donn\u00e9e. Qu&rsquo;il existerait \u00e9galement un \u00ab\u00a0sens\u00a0\u00bb, tellement \u00e9vident qu&rsquo;il n&rsquo;est m\u00eame pas besoin de le d\u00e9finir. Un peu comme on dit <em>les mammif\u00e8res<\/em> (pour les distinguer des ovipares) ou <em>la pomme<\/em>, qu&rsquo;il n&rsquo;est pas n\u00e9cessaire de caract\u00e9riser parce que tout le monde conna\u00eet ce fruit.<\/p><p><em><strong>Les jeunes<\/strong> <\/em>n&rsquo;existent pas. Pas plus que les femmes, les homosexuel-les&#8230; ou les chr\u00e9tien-es. Il n&rsquo;y a que <em><strong>des<\/strong><\/em> jeunes (et des femmes, des homosexuel-les&#8230;), chacune et chacun dans leur singularit\u00e9. Parce que l&rsquo;humanit\u00e9 est ainsi faite : aussi incroyable, aussi impensable que cela puisse para\u00eetre, nous sommes plus de 7 milliards d&rsquo;\u00eatres humains absolument uniques, par notre g\u00e9n\u00e9tique et par notre histoire. Dire : <em><strong>les<\/strong> <\/em>jeunes, comme s&rsquo;ils et elles \u00e9taient interchangeables, c&rsquo;est donc parler d&rsquo;elles et eux comme s&rsquo;ils \u00e9taient regard\u00e9-es du haut de la plan\u00e8te Mars&#8230; Premi\u00e8re difficult\u00e9.<\/p><p>La seconde est peut-\u00eatre plus grave encore. Dire : <em><strong>le<\/strong> <\/em>sens, c&rsquo;est poser qu&rsquo;une chose ind\u00e9finie existerait quelque part, que l&rsquo;on peut appr\u00e9hender, conna\u00eetre, saisir. Une chose ind\u00e9finie, en effet. Qu&rsquo;est-ce que le sens ? Une proposition philosophique ou religieuse ? Une id\u00e9ologie politique ? Le sens commun \u2013ce qu&rsquo;on appelle le \u00ab\u00a0bon sens\u00a0\u00bb ? Il va falloir nous entendre l\u00e0-dessus aussi. Parlons donc du sens ; nous en viendrons ensuite aux jeunes, qui nous int\u00e9ressent tout<\/p>\t\t\t\t\t\t<\/div>\n\t\t\t\t<\/div>\n\t\t\t\t\t<\/div>\n\t\t<\/div>\n\t\t\t\t\t\t\t<\/div>\n\t\t<\/section>\n\t\t\t\t<section class=\"elementor-section elementor-top-section elementor-element elementor-element-efc6161 elementor-section-boxed elementor-section-height-default elementor-section-height-default\" data-id=\"efc6161\" data-element_type=\"section\">\n\t\t\t\t\t\t<div class=\"elementor-container elementor-column-gap-default\">\n\t\t\t\t\t<div class=\"elementor-column elementor-col-50 elementor-top-column elementor-element elementor-element-39f640a\" data-id=\"39f640a\" data-element_type=\"column\">\n\t\t\t<div class=\"elementor-widget-wrap elementor-element-populated\">\n\t\t\t\t\t\t\t\t<div class=\"elementor-element elementor-element-ebac790 elementor-widget elementor-widget-image\" data-id=\"ebac790\" data-element_type=\"widget\" data-widget_type=\"image.default\">\n\t\t\t\t<div class=\"elementor-widget-container\">\n\t\t\t\t\t\t\t\t\t\t\t\t<figure class=\"wp-caption\">\n\t\t\t\t\t\t\t\t\t\t\t<a href=\"http:\/\/pastorale-scolaire.net\/tournai-secondaire\/wp-content\/uploads\/2020\/07\/AFFICHE-MYRIAM-TONUS-PORTAIL-VD.jpg\" data-elementor-open-lightbox=\"yes\" data-elementor-lightbox-title=\"AFFICHE MYRIAM TONUS + PORTAIL VD\" data-e-action-hash=\"#elementor-action%3Aaction%3Dlightbox%26settings%3DeyJpZCI6NTgzLCJ1cmwiOiJodHRwOlwvXC9wYXN0b3JhbGUtc2NvbGFpcmUubmV0XC90b3VybmFpLXNlY29uZGFpcmVcL3dwLWNvbnRlbnRcL3VwbG9hZHNcLzIwMjBcLzA3XC9BRkZJQ0hFLU1ZUklBTS1UT05VUy1QT1JUQUlMLVZELmpwZyJ9\">\n\t\t\t\t\t\t\t<img loading=\"lazy\" decoding=\"async\" width=\"212\" height=\"300\" src=\"http:\/\/pastorale-scolaire.net\/tournai-secondaire\/wp-content\/uploads\/2020\/07\/AFFICHE-MYRIAM-TONUS-PORTAIL-VD-212x300.jpg\" class=\"attachment-medium size-medium wp-image-583\" alt=\"\" srcset=\"http:\/\/pastorale-scolaire.net\/tournai-secondaire\/wp-content\/uploads\/2020\/07\/AFFICHE-MYRIAM-TONUS-PORTAIL-VD-212x300.jpg 212w, http:\/\/pastorale-scolaire.net\/tournai-secondaire\/wp-content\/uploads\/2020\/07\/AFFICHE-MYRIAM-TONUS-PORTAIL-VD-724x1024.jpg 724w, http:\/\/pastorale-scolaire.net\/tournai-secondaire\/wp-content\/uploads\/2020\/07\/AFFICHE-MYRIAM-TONUS-PORTAIL-VD-768x1086.jpg 768w, http:\/\/pastorale-scolaire.net\/tournai-secondaire\/wp-content\/uploads\/2020\/07\/AFFICHE-MYRIAM-TONUS-PORTAIL-VD-1086x1536.jpg 1086w, http:\/\/pastorale-scolaire.net\/tournai-secondaire\/wp-content\/uploads\/2020\/07\/AFFICHE-MYRIAM-TONUS-PORTAIL-VD-1448x2048.jpg 1448w, http:\/\/pastorale-scolaire.net\/tournai-secondaire\/wp-content\/uploads\/2020\/07\/AFFICHE-MYRIAM-TONUS-PORTAIL-VD.jpg 1654w\" sizes=\"auto, (max-width: 212px) 100vw, 212px\" \/>\t\t\t\t\t\t\t\t<\/a>\n\t\t\t\t\t\t\t\t\t\t\t<figcaption class=\"widget-image-caption wp-caption-text\">Affiche Journ\u00e9e dioc\u00e9saine 2017<\/figcaption>\n\t\t\t\t\t\t\t\t\t\t<\/figure>\n\t\t\t\t\t\t\t\t\t<\/div>\n\t\t\t\t<\/div>\n\t\t\t\t\t<\/div>\n\t\t<\/div>\n\t\t\t\t<div class=\"elementor-column elementor-col-50 elementor-top-column elementor-element elementor-element-5242fd0\" data-id=\"5242fd0\" data-element_type=\"column\">\n\t\t\t<div class=\"elementor-widget-wrap elementor-element-populated\">\n\t\t\t\t\t\t\t\t<div class=\"elementor-element elementor-element-fccf3d7 elementor-widget elementor-widget-image\" data-id=\"fccf3d7\" data-element_type=\"widget\" data-widget_type=\"image.default\">\n\t\t\t\t<div class=\"elementor-widget-container\">\n\t\t\t\t\t\t\t\t\t\t\t\t<figure class=\"wp-caption\">\n\t\t\t\t\t\t\t\t\t\t\t<a href=\"http:\/\/pastorale-scolaire.net\/tournai-secondaire\/wp-content\/uploads\/2020\/07\/myriam_tonus_texte_jdpss2017.pdf\">\n\t\t\t\t\t\t\t<img loading=\"lazy\" decoding=\"async\" width=\"1004\" height=\"568\" src=\"http:\/\/pastorale-scolaire.net\/tournai-secondaire\/wp-content\/uploads\/2020\/07\/JDPSS2017-JeunesEtSens-MyriamTonus.jpg\" class=\"attachment-large size-large wp-image-740\" alt=\"\" srcset=\"http:\/\/pastorale-scolaire.net\/tournai-secondaire\/wp-content\/uploads\/2020\/07\/JDPSS2017-JeunesEtSens-MyriamTonus.jpg 1004w, http:\/\/pastorale-scolaire.net\/tournai-secondaire\/wp-content\/uploads\/2020\/07\/JDPSS2017-JeunesEtSens-MyriamTonus-300x170.jpg 300w, http:\/\/pastorale-scolaire.net\/tournai-secondaire\/wp-content\/uploads\/2020\/07\/JDPSS2017-JeunesEtSens-MyriamTonus-768x434.jpg 768w\" sizes=\"auto, (max-width: 1004px) 100vw, 1004px\" \/>\t\t\t\t\t\t\t\t<\/a>\n\t\t\t\t\t\t\t\t\t\t\t<figcaption class=\"widget-image-caption wp-caption-text\">Texte de l'intervention de Myriam Tonus<\/figcaption>\n\t\t\t\t\t\t\t\t\t\t<\/figure>\n\t\t\t\t\t\t\t\t\t<\/div>\n\t\t\t\t<\/div>\n\t\t\t\t\t<\/div>\n\t\t<\/div>\n\t\t\t\t\t\t\t<\/div>\n\t\t<\/section>\n\t\t\t\t<section class=\"elementor-section elementor-top-section elementor-element elementor-element-e4809f2 elementor-section-boxed elementor-section-height-default elementor-section-height-default\" data-id=\"e4809f2\" data-element_type=\"section\">\n\t\t\t\t\t\t<div class=\"elementor-container elementor-column-gap-default\">\n\t\t\t\t\t<div class=\"elementor-column elementor-col-100 elementor-top-column elementor-element elementor-element-291800c\" data-id=\"291800c\" data-element_type=\"column\">\n\t\t\t<div class=\"elementor-widget-wrap elementor-element-populated\">\n\t\t\t\t\t\t\t\t<div class=\"elementor-element elementor-element-df15a61 elementor-widget elementor-widget-menu-anchor\" data-id=\"df15a61\" data-element_type=\"widget\" data-widget_type=\"menu-anchor.default\">\n\t\t\t\t<div class=\"elementor-widget-container\">\n\t\t\t\t\t<div id=\"2016\" class=\"elementor-menu-anchor\"><\/div>\n\t\t\t\t<\/div>\n\t\t\t\t<\/div>\n\t\t\t\t\t<\/div>\n\t\t<\/div>\n\t\t\t\t\t\t\t<\/div>\n\t\t<\/section>\n\t\t\t\t<section class=\"elementor-section elementor-top-section elementor-element elementor-element-2d41cf3 elementor-section-boxed elementor-section-height-default elementor-section-height-default\" data-id=\"2d41cf3\" data-element_type=\"section\">\n\t\t\t\t\t\t<div class=\"elementor-container elementor-column-gap-default\">\n\t\t\t\t\t<div class=\"elementor-column elementor-col-100 elementor-top-column elementor-element elementor-element-9e559a2\" data-id=\"9e559a2\" data-element_type=\"column\">\n\t\t\t<div class=\"elementor-widget-wrap elementor-element-populated\">\n\t\t\t\t\t\t\t\t<div class=\"elementor-element elementor-element-1367350 elementor-widget elementor-widget-text-editor\" data-id=\"1367350\" data-element_type=\"widget\" data-widget_type=\"text-editor.default\">\n\t\t\t\t<div class=\"elementor-widget-container\">\n\t\t\t\t\t\t\t<h2>Journ\u00e9e dioc\u00e9saine 2016 &#8211; Coll\u00e8ge Saint-Augustin d&rsquo;Enghien<\/h2><h3>Vincent Flamand et Hicham Abdel Gawad : L&rsquo;\u00e9cole en Dialogue<\/h3><p>Pourquoi dialoguer ?<br \/>Quelles seraient les conditions n\u00e9cessaires \u00e0 un v\u00e9ritable dialogue ?<br \/>Quelles sont les ressources spirituelles ou autres qui peuvent fonder<br \/>et nourrir le dialogue ?<br \/>Et sur le terrain de l\u2019\u00e9cole, comment le vivre\u2026<br \/>\u2026 notamment avec les jeunes ?<\/p><p><a href=\"http:\/\/pastorale-scolaire.net\/tournai-secondaire\/wp-content\/uploads\/2020\/07\/Journee_du_8_novembre_2.pdf\"><img loading=\"lazy\" decoding=\"async\" class=\"aligncenter wp-image-749 size-medium\" src=\"http:\/\/pastorale-scolaire.net\/tournai-secondaire\/wp-content\/uploads\/2020\/07\/AfficheJDPSS2016-300x134.jpg\" alt=\"\" width=\"300\" height=\"134\" srcset=\"http:\/\/pastorale-scolaire.net\/tournai-secondaire\/wp-content\/uploads\/2020\/07\/AfficheJDPSS2016-300x134.jpg 300w, http:\/\/pastorale-scolaire.net\/tournai-secondaire\/wp-content\/uploads\/2020\/07\/AfficheJDPSS2016-768x344.jpg 768w, http:\/\/pastorale-scolaire.net\/tournai-secondaire\/wp-content\/uploads\/2020\/07\/AfficheJDPSS2016.jpg 973w\" sizes=\"auto, (max-width: 300px) 100vw, 300px\" \/><\/a><\/p>\t\t\t\t\t\t<\/div>\n\t\t\t\t<\/div>\n\t\t\t\t\t<\/div>\n\t\t<\/div>\n\t\t\t\t\t\t\t<\/div>\n\t\t<\/section>\n\t\t\t\t<section class=\"elementor-section elementor-top-section elementor-element elementor-element-e55e87b elementor-section-boxed elementor-section-height-default elementor-section-height-default\" data-id=\"e55e87b\" data-element_type=\"section\">\n\t\t\t\t\t\t<div class=\"elementor-container elementor-column-gap-default\">\n\t\t\t\t\t<div class=\"elementor-column elementor-col-100 elementor-top-column elementor-element elementor-element-e76fe7e\" data-id=\"e76fe7e\" data-element_type=\"column\">\n\t\t\t<div class=\"elementor-widget-wrap elementor-element-populated\">\n\t\t\t\t\t\t\t\t<div class=\"elementor-element elementor-element-3ca0c3a elementor-widget elementor-widget-menu-anchor\" data-id=\"3ca0c3a\" data-element_type=\"widget\" data-widget_type=\"menu-anchor.default\">\n\t\t\t\t<div class=\"elementor-widget-container\">\n\t\t\t\t\t<div id=\"2015\" class=\"elementor-menu-anchor\"><\/div>\n\t\t\t\t<\/div>\n\t\t\t\t<\/div>\n\t\t\t\t\t<\/div>\n\t\t<\/div>\n\t\t\t\t\t\t\t<\/div>\n\t\t<\/section>\n\t\t\t\t<section class=\"elementor-section elementor-top-section elementor-element elementor-element-96f395c elementor-section-boxed elementor-section-height-default elementor-section-height-default\" data-id=\"96f395c\" data-element_type=\"section\">\n\t\t\t\t\t\t<div class=\"elementor-container elementor-column-gap-default\">\n\t\t\t\t\t<div class=\"elementor-column elementor-col-100 elementor-top-column elementor-element elementor-element-110af52\" data-id=\"110af52\" data-element_type=\"column\">\n\t\t\t<div class=\"elementor-widget-wrap elementor-element-populated\">\n\t\t\t\t\t\t\t\t<div class=\"elementor-element elementor-element-5af61ca elementor-widget elementor-widget-text-editor\" data-id=\"5af61ca\" data-element_type=\"widget\" data-widget_type=\"text-editor.default\">\n\t\t\t\t<div class=\"elementor-widget-container\">\n\t\t\t\t\t\t\t<h2 style=\"text-align: center;\">Journ\u00e9e dioc\u00e9saine 2015 &#8211; Coll\u00e8ge Saint-Augustin d&rsquo;Enghien<\/h2><h3>Bernard Peeters : Paroles de Jeunes &#8211; Paroles de Sens<\/h3><p><strong>Objectif de la journ\u00e9e<\/strong><br \/>Le fascicule \u00ab\u00a0Paroles de Jeunes &#8211; Paroles de Sens\u00a0\u00bb est le r\u00e9sultat d&rsquo;une \u00e9coute attentive de jeunes.<br \/>Leur parole \u00e9chang\u00e9e, \u00e9crite, \u00e9cout\u00e9e, a donn\u00e9e naissance \u00e0 ce texte dense, qui se trouve entre nos mains. Si nous ne voulons pas qu&rsquo;il rejoigne simplement nos biblioth\u00e8ques, devenant \u00ab\u00a0lettre morte\u00a0\u00bb, il s&rsquo;agit pour nous, et pour les jeunes que nous rencontrons, de le rendre vivant, capable d&rsquo;ouvrir d&rsquo;autres paroles. Ensemble nous en ouvrirons quelques pages, y insufflant par l&rsquo;une ou l&rsquo;autre technique le Souffle de vie.<\/p><h5><a href=\"http:\/\/pastorale-scolaire.net\/tournai-secondaire\/wp-content\/uploads\/2020\/07\/affiche-journee-diocesaine.pdf\"><img loading=\"lazy\" decoding=\"async\" class=\"aligncenter wp-image-751 size-medium\" src=\"http:\/\/pastorale-scolaire.net\/tournai-secondaire\/wp-content\/uploads\/2020\/07\/AfficheJDPSS2015-300x121.jpg\" alt=\"\" width=\"300\" height=\"121\" srcset=\"http:\/\/pastorale-scolaire.net\/tournai-secondaire\/wp-content\/uploads\/2020\/07\/AfficheJDPSS2015-300x121.jpg 300w, http:\/\/pastorale-scolaire.net\/tournai-secondaire\/wp-content\/uploads\/2020\/07\/AfficheJDPSS2015-1024x412.jpg 1024w, http:\/\/pastorale-scolaire.net\/tournai-secondaire\/wp-content\/uploads\/2020\/07\/AfficheJDPSS2015-768x309.jpg 768w, http:\/\/pastorale-scolaire.net\/tournai-secondaire\/wp-content\/uploads\/2020\/07\/AfficheJDPSS2015.jpg 1158w\" sizes=\"auto, (max-width: 300px) 100vw, 300px\" \/><\/a><\/h5>\t\t\t\t\t\t<\/div>\n\t\t\t\t<\/div>\n\t\t\t\t<section class=\"elementor-section elementor-inner-section elementor-element elementor-element-5ce3e02 elementor-section-boxed elementor-section-height-default elementor-section-height-default\" data-id=\"5ce3e02\" data-element_type=\"section\">\n\t\t\t\t\t\t<div class=\"elementor-container elementor-column-gap-default\">\n\t\t\t\t\t<div class=\"elementor-column elementor-col-25 elementor-inner-column elementor-element elementor-element-8111673\" data-id=\"8111673\" data-element_type=\"column\">\n\t\t\t<div class=\"elementor-widget-wrap elementor-element-populated\">\n\t\t\t\t\t\t\t\t<div class=\"elementor-element elementor-element-1566ba4 elementor-view-default elementor-position-top elementor-mobile-position-top elementor-widget elementor-widget-icon-box\" data-id=\"1566ba4\" data-element_type=\"widget\" data-widget_type=\"icon-box.default\">\n\t\t\t\t<div class=\"elementor-widget-container\">\n\t\t\t\t\t<div class=\"elementor-icon-box-wrapper\">\n\t\t\t\t\t\t<div class=\"elementor-icon-box-icon\">\n\t\t\t\t<a href=\"http:\/\/pastorale-scolaire.net\/tournai-secondaire\/wp-content\/uploads\/2020\/07\/consignes.pdf\" class=\"elementor-icon elementor-animation-\" tabindex=\"-1\">\n\t\t\t\t<i aria-hidden=\"true\" class=\"fas fa-file-pdf\"><\/i>\t\t\t\t<\/a>\n\t\t\t<\/div>\n\t\t\t\t\t\t<div class=\"elementor-icon-box-content\">\n\t\t\t\t<h3 class=\"elementor-icon-box-title\">\n\t\t\t\t\t<a href=\"http:\/\/pastorale-scolaire.net\/tournai-secondaire\/wp-content\/uploads\/2020\/07\/consignes.pdf\" >\n\t\t\t\t\t\tConsignes\t\t\t\t\t<\/a>\n\t\t\t\t<\/h3>\n\t\t\t\t\t\t\t\t\t<p class=\"elementor-icon-box-description\">\n\t\t\t\t\t\tLes diapositives des consignes de la journ\u00e9e en format PDF\t\t\t\t\t<\/p>\n\t\t\t\t\t\t\t<\/div>\n\t\t<\/div>\n\t\t\t\t<\/div>\n\t\t\t\t<\/div>\n\t\t\t\t\t<\/div>\n\t\t<\/div>\n\t\t\t\t<div class=\"elementor-column elementor-col-25 elementor-inner-column elementor-element elementor-element-b4a95fb\" data-id=\"b4a95fb\" data-element_type=\"column\">\n\t\t\t<div class=\"elementor-widget-wrap elementor-element-populated\">\n\t\t\t\t\t\t\t\t<div class=\"elementor-element elementor-element-b556c6a elementor-view-default elementor-position-top elementor-mobile-position-top elementor-widget elementor-widget-icon-box\" data-id=\"b556c6a\" data-element_type=\"widget\" data-widget_type=\"icon-box.default\">\n\t\t\t\t<div class=\"elementor-widget-container\">\n\t\t\t\t\t<div class=\"elementor-icon-box-wrapper\">\n\t\t\t\t\t\t<div class=\"elementor-icon-box-icon\">\n\t\t\t\t<a href=\"http:\/\/pastorale-scolaire.net\/tournai-secondaire\/wp-content\/uploads\/2020\/07\/2015-nov-images-expos\u00e9.pdf\" class=\"elementor-icon elementor-animation-\" tabindex=\"-1\">\n\t\t\t\t<i aria-hidden=\"true\" class=\"fas fa-file-pdf\"><\/i>\t\t\t\t<\/a>\n\t\t\t<\/div>\n\t\t\t\t\t\t<div class=\"elementor-icon-box-content\">\n\t\t\t\t<h3 class=\"elementor-icon-box-title\">\n\t\t\t\t\t<a href=\"http:\/\/pastorale-scolaire.net\/tournai-secondaire\/wp-content\/uploads\/2020\/07\/2015-nov-images-expos\u00e9.pdf\" >\n\t\t\t\t\t\tImages expos\u00e9es\t\t\t\t\t<\/a>\n\t\t\t\t<\/h3>\n\t\t\t\t\t\t\t\t\t<p class=\"elementor-icon-box-description\">\n\t\t\t\t\t\tLes diapositives des images expos\u00e9es de la journ\u00e9e en format PDF\t\t\t\t\t<\/p>\n\t\t\t\t\t\t\t<\/div>\n\t\t<\/div>\n\t\t\t\t<\/div>\n\t\t\t\t<\/div>\n\t\t\t\t\t<\/div>\n\t\t<\/div>\n\t\t\t\t<div class=\"elementor-column elementor-col-25 elementor-inner-column elementor-element elementor-element-114c521\" data-id=\"114c521\" data-element_type=\"column\">\n\t\t\t<div class=\"elementor-widget-wrap elementor-element-populated\">\n\t\t\t\t\t\t\t\t<div class=\"elementor-element elementor-element-6c44682 elementor-view-default elementor-position-top elementor-mobile-position-top elementor-widget elementor-widget-icon-box\" data-id=\"6c44682\" data-element_type=\"widget\" data-widget_type=\"icon-box.default\">\n\t\t\t\t<div class=\"elementor-widget-container\">\n\t\t\t\t\t<div class=\"elementor-icon-box-wrapper\">\n\t\t\t\t\t\t<div class=\"elementor-icon-box-icon\">\n\t\t\t\t<a href=\"http:\/\/pastorale-scolaire.net\/tournai-secondaire\/wp-content\/uploads\/2020\/07\/2015-nov-images-utilis\u00e9es.pdf\" class=\"elementor-icon elementor-animation-\" tabindex=\"-1\">\n\t\t\t\t<i aria-hidden=\"true\" class=\"fas fa-file-pdf\"><\/i>\t\t\t\t<\/a>\n\t\t\t<\/div>\n\t\t\t\t\t\t<div class=\"elementor-icon-box-content\">\n\t\t\t\t<h3 class=\"elementor-icon-box-title\">\n\t\t\t\t\t<a href=\"http:\/\/pastorale-scolaire.net\/tournai-secondaire\/wp-content\/uploads\/2020\/07\/2015-nov-images-utilis\u00e9es.pdf\" >\n\t\t\t\t\t\tImages utilis\u00e9es\t\t\t\t\t<\/a>\n\t\t\t\t<\/h3>\n\t\t\t\t\t\t\t\t\t<p class=\"elementor-icon-box-description\">\n\t\t\t\t\t\tLes diapositives des images utilis\u00e9es de la journ\u00e9e en format PDF\t\t\t\t\t<\/p>\n\t\t\t\t\t\t\t<\/div>\n\t\t<\/div>\n\t\t\t\t<\/div>\n\t\t\t\t<\/div>\n\t\t\t\t\t<\/div>\n\t\t<\/div>\n\t\t\t\t<div class=\"elementor-column elementor-col-25 elementor-inner-column elementor-element elementor-element-c368e76\" data-id=\"c368e76\" data-element_type=\"column\">\n\t\t\t<div class=\"elementor-widget-wrap elementor-element-populated\">\n\t\t\t\t\t\t\t\t<div class=\"elementor-element elementor-element-b3e0db5 elementor-view-default elementor-position-top elementor-mobile-position-top elementor-widget elementor-widget-icon-box\" data-id=\"b3e0db5\" data-element_type=\"widget\" data-widget_type=\"icon-box.default\">\n\t\t\t\t<div class=\"elementor-widget-container\">\n\t\t\t\t\t<div class=\"elementor-icon-box-wrapper\">\n\t\t\t\t\t\t<div class=\"elementor-icon-box-icon\">\n\t\t\t\t<a href=\"http:\/\/pastorale-scolaire.net\/tournai-secondaire\/wp-content\/uploads\/2020\/07\/A-L\u2019ECOUTE-DES-JEUNES.pdf\" class=\"elementor-icon elementor-animation-\" tabindex=\"-1\">\n\t\t\t\t<i aria-hidden=\"true\" class=\"fas fa-file-pdf\"><\/i>\t\t\t\t<\/a>\n\t\t\t<\/div>\n\t\t\t\t\t\t<div class=\"elementor-icon-box-content\">\n\t\t\t\t<h3 class=\"elementor-icon-box-title\">\n\t\t\t\t\t<a href=\"http:\/\/pastorale-scolaire.net\/tournai-secondaire\/wp-content\/uploads\/2020\/07\/A-L\u2019ECOUTE-DES-JEUNES.pdf\" >\n\t\t\t\t\t\tA l'\u00e9coute des jeunes\t\t\t\t\t<\/a>\n\t\t\t\t<\/h3>\n\t\t\t\t\t\t\t\t\t<p class=\"elementor-icon-box-description\">\n\t\t\t\t\t\tEnjeux d'un projet de rencontre\t\t\t\t\t<\/p>\n\t\t\t\t\t\t\t<\/div>\n\t\t<\/div>\n\t\t\t\t<\/div>\n\t\t\t\t<\/div>\n\t\t\t\t\t<\/div>\n\t\t<\/div>\n\t\t\t\t\t\t\t<\/div>\n\t\t<\/section>\n\t\t\t\t\t<\/div>\n\t\t<\/div>\n\t\t\t\t\t\t\t<\/div>\n\t\t<\/section>\n\t\t\t\t<section class=\"elementor-section elementor-top-section elementor-element elementor-element-055f8f3 elementor-section-boxed elementor-section-height-default elementor-section-height-default\" data-id=\"055f8f3\" data-element_type=\"section\">\n\t\t\t\t\t\t<div class=\"elementor-container elementor-column-gap-default\">\n\t\t\t\t\t<div class=\"elementor-column elementor-col-100 elementor-top-column elementor-element elementor-element-fc288a4\" data-id=\"fc288a4\" data-element_type=\"column\">\n\t\t\t<div class=\"elementor-widget-wrap elementor-element-populated\">\n\t\t\t\t\t\t\t\t<div class=\"elementor-element elementor-element-73b3e03 elementor-widget elementor-widget-menu-anchor\" data-id=\"73b3e03\" data-element_type=\"widget\" data-widget_type=\"menu-anchor.default\">\n\t\t\t\t<div class=\"elementor-widget-container\">\n\t\t\t\t\t<div id=\"2013\" class=\"elementor-menu-anchor\"><\/div>\n\t\t\t\t<\/div>\n\t\t\t\t<\/div>\n\t\t\t\t\t<\/div>\n\t\t<\/div>\n\t\t\t\t\t\t\t<\/div>\n\t\t<\/section>\n\t\t\t\t<section class=\"elementor-section elementor-top-section elementor-element elementor-element-b6fee4f elementor-section-boxed elementor-section-height-default elementor-section-height-default\" data-id=\"b6fee4f\" data-element_type=\"section\">\n\t\t\t\t\t\t<div class=\"elementor-container elementor-column-gap-default\">\n\t\t\t\t\t<div class=\"elementor-column elementor-col-100 elementor-top-column elementor-element elementor-element-8bcc69f\" data-id=\"8bcc69f\" data-element_type=\"column\">\n\t\t\t<div class=\"elementor-widget-wrap elementor-element-populated\">\n\t\t\t\t\t\t\t\t<div class=\"elementor-element elementor-element-508ff06 elementor-widget elementor-widget-text-editor\" data-id=\"508ff06\" data-element_type=\"widget\" data-widget_type=\"text-editor.default\">\n\t\t\t\t<div class=\"elementor-widget-container\">\n\t\t\t\t\t\t\t<h2 style=\"text-align: center;\">Journ\u00e9e dioc\u00e9saine 2013<\/h2><h3>P\u00e8re Janin : Esprit, es-tu l\u00e0 ?<\/h3><p><img loading=\"lazy\" decoding=\"async\" class=\"size-thumbnail wp-image-771 alignright\" src=\"http:\/\/pastorale-scolaire.net\/tournai-secondaire\/wp-content\/uploads\/2020\/07\/JDPSS2013-150x150.jpg\" alt=\"\" width=\"150\" height=\"150\" \/>Le P\u00e8re Franck Janin, j\u00e9suite, a emmen\u00e9 le mardi 26 novembre un ensemble de directeurs, professeurs, acteurs dans la pastorale scolaire sur les chemins de l\u2019accompagnement et du discernement. Quelle place ces deux domaines ont-ils au sein de nos \u00e9coles ? Quelle place ont-ils au sein de notre pastorale scolaire ? Directeurs, professeurs, charg\u00e9s de la pastorale ne sont-ils pas des accompagnateurs ? N\u2019ont-ils pas besoin de crit\u00e8res de discernement pour faire grandir tous ceux qu\u2019ils rencontrent ?<\/p>\t\t\t\t\t\t<\/div>\n\t\t\t\t<\/div>\n\t\t\t\t<section class=\"elementor-section elementor-inner-section elementor-element elementor-element-bd01de8 elementor-section-boxed elementor-section-height-default elementor-section-height-default\" data-id=\"bd01de8\" data-element_type=\"section\">\n\t\t\t\t\t\t<div class=\"elementor-container elementor-column-gap-default\">\n\t\t\t\t\t<div class=\"elementor-column elementor-col-50 elementor-inner-column elementor-element elementor-element-ca30ff5\" data-id=\"ca30ff5\" data-element_type=\"column\">\n\t\t\t<div class=\"elementor-widget-wrap elementor-element-populated\">\n\t\t\t\t\t\t\t\t<div class=\"elementor-element elementor-element-20b571d elementor-view-default elementor-position-top elementor-mobile-position-top elementor-widget elementor-widget-icon-box\" data-id=\"20b571d\" data-element_type=\"widget\" data-widget_type=\"icon-box.default\">\n\t\t\t\t<div class=\"elementor-widget-container\">\n\t\t\t\t\t<div class=\"elementor-icon-box-wrapper\">\n\t\t\t\t\t\t<div class=\"elementor-icon-box-icon\">\n\t\t\t\t<a href=\"http:\/\/pastorale-scolaire.net\/tournai-secondaire\/wp-content\/uploads\/2019\/09\/jdps2013resume.pdf\" class=\"elementor-icon elementor-animation-\" tabindex=\"-1\">\n\t\t\t\t<i aria-hidden=\"true\" class=\"fas fa-file-pdf\"><\/i>\t\t\t\t<\/a>\n\t\t\t<\/div>\n\t\t\t\t\t\t<div class=\"elementor-icon-box-content\">\n\t\t\t\t<h3 class=\"elementor-icon-box-title\">\n\t\t\t\t\t<a href=\"http:\/\/pastorale-scolaire.net\/tournai-secondaire\/wp-content\/uploads\/2019\/09\/jdps2013resume.pdf\" >\n\t\t\t\t\t\tD\u00e9couvrir au c\u0153ur de nos vies l\u2019\u0153uvre de l\u2019Esprit du Christ\t\t\t\t\t<\/a>\n\t\t\t\t<\/h3>\n\t\t\t\t\t\t\t\t\t<p class=\"elementor-icon-box-description\">\n\t\t\t\t\t\tArticle r\u00e9sumant la journ\u00e9e par Jean-Marie Bourgeois\t\t\t\t\t<\/p>\n\t\t\t\t\t\t\t<\/div>\n\t\t<\/div>\n\t\t\t\t<\/div>\n\t\t\t\t<\/div>\n\t\t\t\t\t<\/div>\n\t\t<\/div>\n\t\t\t\t<div class=\"elementor-column elementor-col-50 elementor-inner-column elementor-element elementor-element-d9df923\" data-id=\"d9df923\" data-element_type=\"column\">\n\t\t\t<div class=\"elementor-widget-wrap elementor-element-populated\">\n\t\t\t\t\t\t\t\t<div class=\"elementor-element elementor-element-c381bbb elementor-view-default elementor-position-top elementor-mobile-position-top elementor-widget elementor-widget-icon-box\" data-id=\"c381bbb\" data-element_type=\"widget\" data-widget_type=\"icon-box.default\">\n\t\t\t\t<div class=\"elementor-widget-container\">\n\t\t\t\t\t<div class=\"elementor-icon-box-wrapper\">\n\t\t\t\t\t\t<div class=\"elementor-icon-box-icon\">\n\t\t\t\t<a href=\"http:\/\/pastorale-scolaire.net\/tournai-secondaire\/wp-content\/uploads\/2020\/07\/jdps2013.pdf\" class=\"elementor-icon elementor-animation-\" tabindex=\"-1\">\n\t\t\t\t<i aria-hidden=\"true\" class=\"fas fa-file-pdf\"><\/i>\t\t\t\t<\/a>\n\t\t\t<\/div>\n\t\t\t\t\t\t<div class=\"elementor-icon-box-content\">\n\t\t\t\t<h3 class=\"elementor-icon-box-title\">\n\t\t\t\t\t<a href=\"http:\/\/pastorale-scolaire.net\/tournai-secondaire\/wp-content\/uploads\/2020\/07\/jdps2013.pdf\" >\n\t\t\t\t\t\tEsprit es-tu l\u00e0 ?\t\t\t\t\t<\/a>\n\t\t\t\t<\/h3>\n\t\t\t\t\t\t\t\t\t<p class=\"elementor-icon-box-description\">\n\t\t\t\t\t\tR\u00e9flexion, partage, relecture (documents fournis ce jour-l\u00e0)\t\t\t\t\t<\/p>\n\t\t\t\t\t\t\t<\/div>\n\t\t<\/div>\n\t\t\t\t<\/div>\n\t\t\t\t<\/div>\n\t\t\t\t\t<\/div>\n\t\t<\/div>\n\t\t\t\t\t\t\t<\/div>\n\t\t<\/section>\n\t\t\t\t\t<\/div>\n\t\t<\/div>\n\t\t\t\t\t\t\t<\/div>\n\t\t<\/section>\n\t\t\t\t<section class=\"elementor-section elementor-top-section elementor-element elementor-element-5c6eb49 elementor-section-boxed elementor-section-height-default elementor-section-height-default\" data-id=\"5c6eb49\" data-element_type=\"section\">\n\t\t\t\t\t\t<div class=\"elementor-container elementor-column-gap-default\">\n\t\t\t\t\t<div class=\"elementor-column elementor-col-100 elementor-top-column elementor-element elementor-element-0761565\" data-id=\"0761565\" data-element_type=\"column\">\n\t\t\t<div class=\"elementor-widget-wrap elementor-element-populated\">\n\t\t\t\t\t\t\t\t<div class=\"elementor-element elementor-element-63740e0 elementor-widget elementor-widget-menu-anchor\" data-id=\"63740e0\" data-element_type=\"widget\" data-widget_type=\"menu-anchor.default\">\n\t\t\t\t<div class=\"elementor-widget-container\">\n\t\t\t\t\t<div id=\"2012\" class=\"elementor-menu-anchor\"><\/div>\n\t\t\t\t<\/div>\n\t\t\t\t<\/div>\n\t\t\t\t\t<\/div>\n\t\t<\/div>\n\t\t\t\t\t\t\t<\/div>\n\t\t<\/section>\n\t\t\t\t<section class=\"elementor-section elementor-top-section elementor-element elementor-element-c28eb29 elementor-section-boxed elementor-section-height-default elementor-section-height-default\" data-id=\"c28eb29\" data-element_type=\"section\">\n\t\t\t\t\t\t<div class=\"elementor-container elementor-column-gap-default\">\n\t\t\t\t\t<div class=\"elementor-column elementor-col-100 elementor-top-column elementor-element elementor-element-c1bd23c\" data-id=\"c1bd23c\" data-element_type=\"column\">\n\t\t\t<div class=\"elementor-widget-wrap elementor-element-populated\">\n\t\t\t\t\t\t\t\t<div class=\"elementor-element elementor-element-32db0e3 elementor-widget elementor-widget-text-editor\" data-id=\"32db0e3\" data-element_type=\"widget\" data-widget_type=\"text-editor.default\">\n\t\t\t\t<div class=\"elementor-widget-container\">\n\t\t\t\t\t\t\t<h2 style=\"text-align: center;\">Journ\u00e9e dioc\u00e9saine 2012<\/h2><h3>Pierre Vianin : Se mettre \u00e0 l&rsquo;\u00e9cole du Christ p\u00e9dagogue<\/h3><p>Avec un pareil titre-programme, personne ne contestera que cette journ\u00e9e fut bien consa-cr\u00e9e \u00e0 la pastorale en milieu scolaire ! Invit\u00e9s par l\u2019\u00e9quipe de pastorale scolaire dioc\u00e9saine du secon-daire au Coll\u00e8ge Saint-Augustin d\u2019Enghien, une cen-taine d\u2019acteurs, directeurs d\u2019\u00e9coles, enseignants, \u00e9du-cateurs, personnes engag\u00e9es dans l\u2019accompagnement des jeunes, \u00e9taient venus le mardi 20 novembre 2012 se laisser guider par Monsieur Pierre Vianin, dipl\u00f4m\u00e9 de l\u2019Institut de p\u00e9dagogie Curative de l\u2019Universit\u00e9 de Fribourg.J\u2019\u00e9cris avec plaisir le verbe \u00ab guider \u00bb parce que c\u2019est ce qu\u2019a efficacement fait Monsieur Vianin, dont nous avons tous appr\u00e9ci\u00e9 la ma\u00eetrise autant technique que pratique de son sujet. Comment comprendre l\u2019\u00e9chec scolaire ? Quelles sont les approches p\u00e9dagogiques habituellement mises en \u0153uvre ? Comment J\u00e9sus lui-m\u00eame exploitait des qualit\u00e9s p\u00e9dagogiques ? Monsieur Vianin apporta des r\u00e9ponses \u00e0 ces questions avec le souci constant de leur donner du sens \u00e0 travers des cas concrets tir\u00e9s de son exp\u00e9rience avec des enfants et des jeunes&#8230;<\/p>\t\t\t\t\t\t<\/div>\n\t\t\t\t<\/div>\n\t\t\t\t<section class=\"elementor-section elementor-inner-section elementor-element elementor-element-5c35444 elementor-section-boxed elementor-section-height-default elementor-section-height-default\" data-id=\"5c35444\" data-element_type=\"section\">\n\t\t\t\t\t\t<div class=\"elementor-container elementor-column-gap-default\">\n\t\t\t\t\t<div class=\"elementor-column elementor-col-33 elementor-inner-column elementor-element elementor-element-021c82c\" data-id=\"021c82c\" data-element_type=\"column\">\n\t\t\t<div class=\"elementor-widget-wrap elementor-element-populated\">\n\t\t\t\t\t\t\t\t<div class=\"elementor-element elementor-element-6c1a2be elementor-view-default elementor-position-top elementor-mobile-position-top elementor-widget elementor-widget-icon-box\" data-id=\"6c1a2be\" data-element_type=\"widget\" data-widget_type=\"icon-box.default\">\n\t\t\t\t<div class=\"elementor-widget-container\">\n\t\t\t\t\t<div class=\"elementor-icon-box-wrapper\">\n\t\t\t\t\t\t<div class=\"elementor-icon-box-icon\">\n\t\t\t\t<a href=\"http:\/\/pastorale-scolaire.net\/tournai-secondaire\/wp-content\/uploads\/2020\/07\/interioritejdps2012.pdf\" class=\"elementor-icon elementor-animation-\" tabindex=\"-1\">\n\t\t\t\t<i aria-hidden=\"true\" class=\"fas fa-file-pdf\"><\/i>\t\t\t\t<\/a>\n\t\t\t<\/div>\n\t\t\t\t\t\t<div class=\"elementor-icon-box-content\">\n\t\t\t\t<h3 class=\"elementor-icon-box-title\">\n\t\t\t\t\t<a href=\"http:\/\/pastorale-scolaire.net\/tournai-secondaire\/wp-content\/uploads\/2020\/07\/interioritejdps2012.pdf\" >\n\t\t\t\t\t\tPri\u00e8re d'introduction \u00e0 cette journ\u00e9e\t\t\t\t\t<\/a>\n\t\t\t\t<\/h3>\n\t\t\t\t\t\t\t<\/div>\n\t\t<\/div>\n\t\t\t\t<\/div>\n\t\t\t\t<\/div>\n\t\t\t\t<div class=\"elementor-element elementor-element-bef5101 elementor-view-default elementor-position-top elementor-mobile-position-top elementor-widget elementor-widget-icon-box\" data-id=\"bef5101\" data-element_type=\"widget\" data-widget_type=\"icon-box.default\">\n\t\t\t\t<div class=\"elementor-widget-container\">\n\t\t\t\t\t<div class=\"elementor-icon-box-wrapper\">\n\t\t\t\t\t\t<div class=\"elementor-icon-box-icon\">\n\t\t\t\t<a href=\"http:\/\/pastorale-scolaire.net\/tournai-secondaire\/wp-content\/uploads\/2019\/09\/qualites_pedagogiques.pdf\" class=\"elementor-icon elementor-animation-\" tabindex=\"-1\">\n\t\t\t\t<i aria-hidden=\"true\" class=\"fas fa-file-pdf\"><\/i>\t\t\t\t<\/a>\n\t\t\t<\/div>\n\t\t\t\t\t\t<div class=\"elementor-icon-box-content\">\n\t\t\t\t<h3 class=\"elementor-icon-box-title\">\n\t\t\t\t\t<a href=\"http:\/\/pastorale-scolaire.net\/tournai-secondaire\/wp-content\/uploads\/2019\/09\/qualites_pedagogiques.pdf\" >\n\t\t\t\t\t\tLes qualit\u00e9s p\u00e9dagogiques du Christ\t\t\t\t\t<\/a>\n\t\t\t\t<\/h3>\n\t\t\t\t\t\t\t<\/div>\n\t\t<\/div>\n\t\t\t\t<\/div>\n\t\t\t\t<\/div>\n\t\t\t\t\t<\/div>\n\t\t<\/div>\n\t\t\t\t<div class=\"elementor-column elementor-col-33 elementor-inner-column elementor-element elementor-element-1cfd6aa\" data-id=\"1cfd6aa\" data-element_type=\"column\">\n\t\t\t<div class=\"elementor-widget-wrap elementor-element-populated\">\n\t\t\t\t\t\t\t\t<div class=\"elementor-element elementor-element-f3b2272 elementor-view-default elementor-position-top elementor-mobile-position-top elementor-widget elementor-widget-icon-box\" data-id=\"f3b2272\" data-element_type=\"widget\" data-widget_type=\"icon-box.default\">\n\t\t\t\t<div class=\"elementor-widget-container\">\n\t\t\t\t\t<div class=\"elementor-icon-box-wrapper\">\n\t\t\t\t\t\t<div class=\"elementor-icon-box-icon\">\n\t\t\t\t<a href=\"http:\/\/pastorale-scolaire.net\/tournai-secondaire\/wp-content\/uploads\/2019\/09\/modelisations_pedagogiques.pdf\" class=\"elementor-icon elementor-animation-\" tabindex=\"-1\">\n\t\t\t\t<i aria-hidden=\"true\" class=\"fas fa-file-pdf\"><\/i>\t\t\t\t<\/a>\n\t\t\t<\/div>\n\t\t\t\t\t\t<div class=\"elementor-icon-box-content\">\n\t\t\t\t<h3 class=\"elementor-icon-box-title\">\n\t\t\t\t\t<a href=\"http:\/\/pastorale-scolaire.net\/tournai-secondaire\/wp-content\/uploads\/2019\/09\/modelisations_pedagogiques.pdf\" >\n\t\t\t\t\t\tApproches et mod\u00e9lisations p\u00e9dagogiques\t\t\t\t\t<\/a>\n\t\t\t\t<\/h3>\n\t\t\t\t\t\t\t<\/div>\n\t\t<\/div>\n\t\t\t\t<\/div>\n\t\t\t\t<\/div>\n\t\t\t\t<div class=\"elementor-element elementor-element-0995de2 elementor-view-default elementor-position-top elementor-mobile-position-top elementor-widget elementor-widget-icon-box\" data-id=\"0995de2\" data-element_type=\"widget\" data-widget_type=\"icon-box.default\">\n\t\t\t\t<div class=\"elementor-widget-container\">\n\t\t\t\t\t<div class=\"elementor-icon-box-wrapper\">\n\t\t\t\t\t\t<div class=\"elementor-icon-box-icon\">\n\t\t\t\t<a href=\"http:\/\/pastorale-scolaire.net\/tournai-secondaire\/wp-content\/uploads\/2019\/09\/paroles34.pdf\" class=\"elementor-icon elementor-animation-\" tabindex=\"-1\">\n\t\t\t\t<i aria-hidden=\"true\" class=\"fas fa-file-pdf\"><\/i>\t\t\t\t<\/a>\n\t\t\t<\/div>\n\t\t\t\t\t\t<div class=\"elementor-icon-box-content\">\n\t\t\t\t<h3 class=\"elementor-icon-box-title\">\n\t\t\t\t\t<a href=\"http:\/\/pastorale-scolaire.net\/tournai-secondaire\/wp-content\/uploads\/2019\/09\/paroles34.pdf\" >\n\t\t\t\t\t\tDossier \"Le Christ p\u00e9dagogue\" de la revue Paroles\t\t\t\t\t<\/a>\n\t\t\t\t<\/h3>\n\t\t\t\t\t\t\t<\/div>\n\t\t<\/div>\n\t\t\t\t<\/div>\n\t\t\t\t<\/div>\n\t\t\t\t\t<\/div>\n\t\t<\/div>\n\t\t\t\t<div class=\"elementor-column elementor-col-33 elementor-inner-column elementor-element elementor-element-80f1f9d\" data-id=\"80f1f9d\" data-element_type=\"column\">\n\t\t\t<div class=\"elementor-widget-wrap elementor-element-populated\">\n\t\t\t\t\t\t\t\t<div class=\"elementor-element elementor-element-01e5176 elementor-view-default elementor-position-top elementor-mobile-position-top elementor-widget elementor-widget-icon-box\" data-id=\"01e5176\" data-element_type=\"widget\" data-widget_type=\"icon-box.default\">\n\t\t\t\t<div class=\"elementor-widget-container\">\n\t\t\t\t\t<div class=\"elementor-icon-box-wrapper\">\n\t\t\t\t\t\t<div class=\"elementor-icon-box-icon\">\n\t\t\t\t<a href=\"http:\/\/pastorale-scolaire.net\/tournai-secondaire\/wp-content\/uploads\/2019\/09\/analyse_pericopes.pdf\" class=\"elementor-icon elementor-animation-\" tabindex=\"-1\">\n\t\t\t\t<i aria-hidden=\"true\" class=\"fas fa-file-pdf\"><\/i>\t\t\t\t<\/a>\n\t\t\t<\/div>\n\t\t\t\t\t\t<div class=\"elementor-icon-box-content\">\n\t\t\t\t<h3 class=\"elementor-icon-box-title\">\n\t\t\t\t\t<a href=\"http:\/\/pastorale-scolaire.net\/tournai-secondaire\/wp-content\/uploads\/2019\/09\/analyse_pericopes.pdf\" >\n\t\t\t\t\t\tLa p\u00e9dagogie du Christ\t\t\t\t\t<\/a>\n\t\t\t\t<\/h3>\n\t\t\t\t\t\t\t<\/div>\n\t\t<\/div>\n\t\t\t\t<\/div>\n\t\t\t\t<\/div>\n\t\t\t\t<div class=\"elementor-element elementor-element-173987e elementor-view-default elementor-position-top elementor-mobile-position-top elementor-widget elementor-widget-icon-box\" data-id=\"173987e\" data-element_type=\"widget\" data-widget_type=\"icon-box.default\">\n\t\t\t\t<div class=\"elementor-widget-container\">\n\t\t\t\t\t<div class=\"elementor-icon-box-wrapper\">\n\t\t\t\t\t\t<div class=\"elementor-icon-box-icon\">\n\t\t\t\t<a href=\"http:\/\/pastorale-scolaire.net\/tournai-secondaire\/wp-content\/uploads\/2019\/09\/interview_pierre_vianin.mp3\" class=\"elementor-icon elementor-animation-\" tabindex=\"-1\">\n\t\t\t\t<i aria-hidden=\"true\" class=\"fas fa-file-audio\"><\/i>\t\t\t\t<\/a>\n\t\t\t<\/div>\n\t\t\t\t\t\t<div class=\"elementor-icon-box-content\">\n\t\t\t\t<h3 class=\"elementor-icon-box-title\">\n\t\t\t\t\t<a href=\"http:\/\/pastorale-scolaire.net\/tournai-secondaire\/wp-content\/uploads\/2019\/09\/interview_pierre_vianin.mp3\" >\n\t\t\t\t\t\tInterview de Pierre VIANIN\t\t\t\t\t<\/a>\n\t\t\t\t<\/h3>\n\t\t\t\t\t\t\t\t\t<p class=\"elementor-icon-box-description\">\n\t\t\t\t\t\t(par Olivier Planckaert pour info.catho.be - 2 min 20)\t\t\t\t\t<\/p>\n\t\t\t\t\t\t\t<\/div>\n\t\t<\/div>\n\t\t\t\t<\/div>\n\t\t\t\t<\/div>\n\t\t\t\t\t<\/div>\n\t\t<\/div>\n\t\t\t\t\t\t\t<\/div>\n\t\t<\/section>\n\t\t\t\t\t<\/div>\n\t\t<\/div>\n\t\t\t\t\t\t\t<\/div>\n\t\t<\/section>\n\t\t\t\t<section class=\"elementor-section elementor-top-section elementor-element elementor-element-703b107 elementor-section-boxed elementor-section-height-default elementor-section-height-default\" data-id=\"703b107\" data-element_type=\"section\">\n\t\t\t\t\t\t<div class=\"elementor-container elementor-column-gap-default\">\n\t\t\t\t\t<div class=\"elementor-column elementor-col-100 elementor-top-column elementor-element elementor-element-0f6204a\" data-id=\"0f6204a\" data-element_type=\"column\">\n\t\t\t<div class=\"elementor-widget-wrap elementor-element-populated\">\n\t\t\t\t\t\t\t\t<div class=\"elementor-element elementor-element-e94a83a elementor-widget elementor-widget-menu-anchor\" data-id=\"e94a83a\" data-element_type=\"widget\" data-widget_type=\"menu-anchor.default\">\n\t\t\t\t<div class=\"elementor-widget-container\">\n\t\t\t\t\t<div id=\"2011\" class=\"elementor-menu-anchor\"><\/div>\n\t\t\t\t<\/div>\n\t\t\t\t<\/div>\n\t\t\t\t\t<\/div>\n\t\t<\/div>\n\t\t\t\t\t\t\t<\/div>\n\t\t<\/section>\n\t\t\t\t<section class=\"elementor-section elementor-top-section elementor-element elementor-element-0c84386 elementor-section-boxed elementor-section-height-default elementor-section-height-default\" data-id=\"0c84386\" data-element_type=\"section\">\n\t\t\t\t\t\t<div class=\"elementor-container elementor-column-gap-default\">\n\t\t\t\t\t<div class=\"elementor-column elementor-col-100 elementor-top-column elementor-element elementor-element-e23da3c\" data-id=\"e23da3c\" data-element_type=\"column\">\n\t\t\t<div class=\"elementor-widget-wrap elementor-element-populated\">\n\t\t\t\t\t\t\t\t<div class=\"elementor-element elementor-element-8b9a814 elementor-widget elementor-widget-text-editor\" data-id=\"8b9a814\" data-element_type=\"widget\" data-widget_type=\"text-editor.default\">\n\t\t\t\t<div class=\"elementor-widget-container\">\n\t\t\t\t\t\t\t<h2 style=\"text-align: center;\">Journ\u00e9e dioc\u00e9saine 2011<\/h2><h3>Entre virtuel, r\u00e9el et spirituel<\/h3><p><em><strong>Pourquoi l\u2019image?<\/strong><\/em><br \/>Parce qu\u2019Ignace de Loyola en fait un des lieux moteurs de son invitation \u00e0 entrer dans une exp\u00e9rience spirituelle.Dans les Exercices, le retraitant est invit\u00e9 \u00e0 entrer dans la contemplation d\u2019un texte des \u00c9critures en laissant venir en lui la composition du lieu o\u00f9 se tient la sc\u00e8ne qui va nourrir sa pri\u00e8re. Le retraitant est ainsi convi\u00e9 \u00e0 imaginer la largeur ou l\u2019\u00e9troitesse du chemin, \u00e0 se repr\u00e9senter ce chemin, selon ce qui vient, comme sinueux ou comme trac\u00e9 au cordeau.Cette invitation ne rel\u00e8ve pas d\u2019un simple artifice de d\u00e9but d\u2019exercice qui consisterait \u00e0 convoquer des images pour mieux focaliser l\u2019imaginaire et en faire ensuite table rase. Il ne s\u2019agit pas par cette composition de lieu d\u2019endiguer toutes les images ou les pens\u00e9es qui ne cessent de traverser notre esprit pour ensuite nous en d\u00e9barrasser et faire le vide en nous durant le temps de la pri\u00e8re. Les images qui s\u2019assemblent alors vont en appeler d\u2019autres,au fil du d\u00e9roulement de la contemplation. Le retraitant est invit\u00e9 \u00e0 se repr\u00e9senter les personnages du texte biblique, \u00e0 entendre les mots qu\u2019ils prononcent, \u00e0 voir les gestes qu\u2019ils font.A travers ce jeu d\u2019images, sa pri\u00e8re pourra ainsi se d\u00e9velopper en une exp\u00e9rience spirituelle \u00e0 la rencontre de ce Dieu dont J\u00e9sus, son Fils est l\u2019Image.<\/p>\t\t\t\t\t\t<\/div>\n\t\t\t\t<\/div>\n\t\t\t\t\t<\/div>\n\t\t<\/div>\n\t\t\t\t\t\t\t<\/div>\n\t\t<\/section>\n\t\t\t\t<section class=\"elementor-section elementor-top-section elementor-element elementor-element-51d22e9 elementor-section-boxed elementor-section-height-default elementor-section-height-default\" data-id=\"51d22e9\" data-element_type=\"section\">\n\t\t\t\t\t\t<div class=\"elementor-container elementor-column-gap-default\">\n\t\t\t\t\t<div class=\"elementor-column elementor-col-100 elementor-top-column elementor-element elementor-element-c25ad88\" data-id=\"c25ad88\" data-element_type=\"column\">\n\t\t\t<div class=\"elementor-widget-wrap elementor-element-populated\">\n\t\t\t\t\t\t\t\t<div class=\"elementor-element elementor-element-a9fc3da elementor-view-default elementor-position-top elementor-mobile-position-top elementor-widget elementor-widget-icon-box\" data-id=\"a9fc3da\" data-element_type=\"widget\" data-widget_type=\"icon-box.default\">\n\t\t\t\t<div class=\"elementor-widget-container\">\n\t\t\t\t\t<div class=\"elementor-icon-box-wrapper\">\n\t\t\t\t\t\t<div class=\"elementor-icon-box-icon\">\n\t\t\t\t<a href=\"http:\/\/pastorale-scolaire.net\/tournai-secondaire\/wp-content\/uploads\/2019\/09\/pere_sevez.pdf\" class=\"elementor-icon elementor-animation-\" tabindex=\"-1\">\n\t\t\t\t<i aria-hidden=\"true\" class=\"fas fa-file-pdf\"><\/i>\t\t\t\t<\/a>\n\t\t\t<\/div>\n\t\t\t\t\t\t<div class=\"elementor-icon-box-content\">\n\t\t\t\t<h3 class=\"elementor-icon-box-title\">\n\t\t\t\t\t<a href=\"http:\/\/pastorale-scolaire.net\/tournai-secondaire\/wp-content\/uploads\/2019\/09\/pere_sevez.pdf\" >\n\t\t\t\t\t\tL\u2019image dans l\u2019instant du virtuel\t\t\t\t\t<\/a>\n\t\t\t\t<\/h3>\n\t\t\t\t\t\t\t\t\t<p class=\"elementor-icon-box-description\">\n\t\t\t\t\t\tTexte par le P\u00e8re Sevez s.j.\t\t\t\t\t<\/p>\n\t\t\t\t\t\t\t<\/div>\n\t\t<\/div>\n\t\t\t\t<\/div>\n\t\t\t\t<\/div>\n\t\t\t\t\t<\/div>\n\t\t<\/div>\n\t\t\t\t\t\t\t<\/div>\n\t\t<\/section>\n\t\t\t\t<section class=\"elementor-section elementor-top-section elementor-element elementor-element-7bf2485 elementor-section-boxed elementor-section-height-default elementor-section-height-default\" data-id=\"7bf2485\" data-element_type=\"section\">\n\t\t\t\t\t\t<div class=\"elementor-container elementor-column-gap-default\">\n\t\t\t\t\t<div class=\"elementor-column elementor-col-100 elementor-top-column elementor-element elementor-element-92d4aa1\" data-id=\"92d4aa1\" data-element_type=\"column\">\n\t\t\t<div class=\"elementor-widget-wrap elementor-element-populated\">\n\t\t\t\t\t\t\t\t<div class=\"elementor-element elementor-element-64ff619 elementor-widget elementor-widget-menu-anchor\" data-id=\"64ff619\" data-element_type=\"widget\" data-widget_type=\"menu-anchor.default\">\n\t\t\t\t<div class=\"elementor-widget-container\">\n\t\t\t\t\t<div id=\"2010\" class=\"elementor-menu-anchor\"><\/div>\n\t\t\t\t<\/div>\n\t\t\t\t<\/div>\n\t\t\t\t\t<\/div>\n\t\t<\/div>\n\t\t\t\t\t\t\t<\/div>\n\t\t<\/section>\n\t\t\t\t<section class=\"elementor-section elementor-top-section elementor-element elementor-element-87d9b8e elementor-section-boxed elementor-section-height-default elementor-section-height-default\" data-id=\"87d9b8e\" data-element_type=\"section\">\n\t\t\t\t\t\t<div class=\"elementor-container elementor-column-gap-default\">\n\t\t\t\t\t<div class=\"elementor-column elementor-col-100 elementor-top-column elementor-element elementor-element-5663497\" data-id=\"5663497\" data-element_type=\"column\">\n\t\t\t<div class=\"elementor-widget-wrap elementor-element-populated\">\n\t\t\t\t\t\t\t\t<div class=\"elementor-element elementor-element-46983c0 elementor-widget elementor-widget-text-editor\" data-id=\"46983c0\" data-element_type=\"widget\" data-widget_type=\"text-editor.default\">\n\t\t\t\t<div class=\"elementor-widget-container\">\n\t\t\t\t\t\t\t<h2>Journ\u00e9e dioc\u00e9saine 2010<\/h2><h3>Vivre l&rsquo;interreligieux au sein de nos \u00e9coles<\/h3><p><img loading=\"lazy\" decoding=\"async\" class=\"alignright wp-image-802 size-medium\" src=\"http:\/\/pastorale-scolaire.net\/tournai-secondaire\/wp-content\/uploads\/2020\/07\/JDPSS2010-300x169.jpg\" alt=\"\" width=\"300\" height=\"169\" srcset=\"http:\/\/pastorale-scolaire.net\/tournai-secondaire\/wp-content\/uploads\/2020\/07\/JDPSS2010-300x169.jpg 300w, http:\/\/pastorale-scolaire.net\/tournai-secondaire\/wp-content\/uploads\/2020\/07\/JDPSS2010-768x432.jpg 768w, http:\/\/pastorale-scolaire.net\/tournai-secondaire\/wp-content\/uploads\/2020\/07\/JDPSS2010.jpg 822w\" sizes=\"auto, (max-width: 300px) 100vw, 300px\" \/>Une journ\u00e9e consacr\u00e9e \u00e0 l&rsquo;interreligieux au sein des \u00e9coles, singuli\u00e8rement des \u00e9coles catholiques, tel \u00e9tait le d\u00e9fi relev\u00e9 par la Pastorale Scolaire du Secondaire en collaboration avec la Commission dioc\u00e9saine pour le dialogue interreligieux. Ce fut une belle r\u00e9ussite. Pr\u00e8s d\u2019une centaine de directeurs, professeurs et acteurs du monde de l\u2019Enseignement se sont retrouv\u00e9s, ce mardi 16 novembre 2010 , au Coll\u00e8ge Saint-Augustin d&rsquo;Enghien pour \u00e9couter trois intervenants et participer \u00e0 divers ateliers. Les vicaires \u00e9piscopaux, M. Jacques Piton et M. Michel Vinckier ont ouvert cette journ\u00e9e. Vint ensuite un temps d\u2019int\u00e9riorit\u00e9 avec des textes entrecoup\u00e9s par de la musique, une pri\u00e8re et la projection d\u2019une s\u00e9quence du DVD de Guy Rainotte Dieu, Adona\u00ef, Allah et moi sur le dialogue. Monsieur le chanoine Jean-Pierre Mondet, professeur aux FUCaM pr\u00e9senta son coll\u00e8gue le professeur Philippe Scieur, qui fit un expos\u00e9 sur \u00a0\u00bb Les identit\u00e9s individuelles et collectives comme objet de tension soci\u00e9tale \u00a0\u00bb en partant de l\u2019exemple des douze caricatures de Mahomet et en les situant dans le contexte social du Danemark. Ensuite, Mgr Guy Harpigny, \u00e9v\u00eaque r\u00e9f\u00e9rendaire pour le dialogue interreligieux en Belgique,fit une synth\u00e8se historique, allant des premiers si\u00e8cles de l&rsquo;\u00e9vang\u00e9lisation jusqu&rsquo;\u00e0 Vatican II,sur le dialogue interreligieux avec la question \u00a0\u00bb Pourquoi s\u2019int\u00e9resser aux religions non-chr\u00e9tiennes ? \u00ab\u00a0. Apr\u00e8s une br\u00e8ve pause, M. Salah Echallaoui, th\u00e9ologien musulman, inspecteur de religion islamique de la Communaut\u00e9 fran\u00e7aise de Belgique, fit une \u00a0\u00bb Introduction \u00e0 l&rsquo;islam \u00ab\u00a0, donnant aux participants d\u2019entrer dans l\u2019acte de foi de la tradition musulmane qu\u2019il conna\u00eet et vit de l\u2019int\u00e9rieur. Les ateliers de l\u2019apr\u00e8s-midi ont \u00e9t\u00e9 anim\u00e9s par des professeurs t\u00e9moins des joies et des difficult\u00e9s du vivre le dialogue interreligieux au sein de leur classe. Journ\u00e9e riche en \u00e9changes, projets et dialogues.<\/p>\t\t\t\t\t\t<\/div>\n\t\t\t\t<\/div>\n\t\t\t\t\t<\/div>\n\t\t<\/div>\n\t\t\t\t\t\t\t<\/div>\n\t\t<\/section>\n\t\t\t\t<section class=\"elementor-section elementor-top-section elementor-element elementor-element-99361c4 elementor-section-boxed elementor-section-height-default elementor-section-height-default\" data-id=\"99361c4\" data-element_type=\"section\">\n\t\t\t\t\t\t<div class=\"elementor-container elementor-column-gap-default\">\n\t\t\t\t\t<div class=\"elementor-column elementor-col-25 elementor-top-column elementor-element elementor-element-d0c7e75\" data-id=\"d0c7e75\" data-element_type=\"column\">\n\t\t\t<div class=\"elementor-widget-wrap elementor-element-populated\">\n\t\t\t\t\t\t\t\t<div class=\"elementor-element elementor-element-7741105 elementor-view-default elementor-position-top elementor-mobile-position-top elementor-widget elementor-widget-icon-box\" data-id=\"7741105\" data-element_type=\"widget\" data-widget_type=\"icon-box.default\">\n\t\t\t\t<div class=\"elementor-widget-container\">\n\t\t\t\t\t<div class=\"elementor-icon-box-wrapper\">\n\t\t\t\t\t\t<div class=\"elementor-icon-box-icon\">\n\t\t\t\t<a href=\"http:\/\/pastorale-scolaire.net\/tournai-secondaire\/wp-content\/uploads\/2019\/09\/interreligieux.pdf\" class=\"elementor-icon elementor-animation-\" tabindex=\"-1\">\n\t\t\t\t<i aria-hidden=\"true\" class=\"fas fa-file-pdf\"><\/i>\t\t\t\t<\/a>\n\t\t\t<\/div>\n\t\t\t\t\t\t<div class=\"elementor-icon-box-content\">\n\t\t\t\t<h3 class=\"elementor-icon-box-title\">\n\t\t\t\t\t<a href=\"http:\/\/pastorale-scolaire.net\/tournai-secondaire\/wp-content\/uploads\/2019\/09\/interreligieux.pdf\" >\n\t\t\t\t\t\tLe compte-rendu\t\t\t\t\t<\/a>\n\t\t\t\t<\/h3>\n\t\t\t\t\t\t\t<\/div>\n\t\t<\/div>\n\t\t\t\t<\/div>\n\t\t\t\t<\/div>\n\t\t\t\t\t<\/div>\n\t\t<\/div>\n\t\t\t\t<div class=\"elementor-column elementor-col-25 elementor-top-column elementor-element elementor-element-15f4ac4\" data-id=\"15f4ac4\" data-element_type=\"column\">\n\t\t\t<div class=\"elementor-widget-wrap elementor-element-populated\">\n\t\t\t\t\t\t\t\t<div class=\"elementor-element elementor-element-5684bbf elementor-view-default elementor-position-top elementor-mobile-position-top elementor-widget elementor-widget-icon-box\" data-id=\"5684bbf\" data-element_type=\"widget\" data-widget_type=\"icon-box.default\">\n\t\t\t\t<div class=\"elementor-widget-container\">\n\t\t\t\t\t<div class=\"elementor-icon-box-wrapper\">\n\t\t\t\t\t\t<div class=\"elementor-icon-box-icon\">\n\t\t\t\t<a href=\"http:\/\/pastorale-scolaire.net\/tournai-secondaire\/wp-content\/uploads\/2019\/09\/introduction_a_l_islam_et_pistes_de_dialogue.pdf\" class=\"elementor-icon elementor-animation-\" tabindex=\"-1\">\n\t\t\t\t<i aria-hidden=\"true\" class=\"fas fa-file-pdf\"><\/i>\t\t\t\t<\/a>\n\t\t\t<\/div>\n\t\t\t\t\t\t<div class=\"elementor-icon-box-content\">\n\t\t\t\t<h3 class=\"elementor-icon-box-title\">\n\t\t\t\t\t<a href=\"http:\/\/pastorale-scolaire.net\/tournai-secondaire\/wp-content\/uploads\/2019\/09\/introduction_a_l_islam_et_pistes_de_dialogue.pdf\" >\n\t\t\t\t\t\tIntroduction \u00e0 l'Islam et pistes de dialogue (ppt)\t\t\t\t\t<\/a>\n\t\t\t\t<\/h3>\n\t\t\t\t\t\t\t<\/div>\n\t\t<\/div>\n\t\t\t\t<\/div>\n\t\t\t\t<\/div>\n\t\t\t\t\t<\/div>\n\t\t<\/div>\n\t\t\t\t<div class=\"elementor-column elementor-col-25 elementor-top-column elementor-element elementor-element-13901c8\" data-id=\"13901c8\" data-element_type=\"column\">\n\t\t\t<div class=\"elementor-widget-wrap elementor-element-populated\">\n\t\t\t\t\t\t\t\t<div class=\"elementor-element elementor-element-8c6f4c0 elementor-view-default elementor-position-top elementor-mobile-position-top elementor-widget elementor-widget-icon-box\" data-id=\"8c6f4c0\" data-element_type=\"widget\" data-widget_type=\"icon-box.default\">\n\t\t\t\t<div class=\"elementor-widget-container\">\n\t\t\t\t\t<div class=\"elementor-icon-box-wrapper\">\n\t\t\t\t\t\t<div class=\"elementor-icon-box-icon\">\n\t\t\t\t<a href=\"http:\/\/pastorale-scolaire.net\/tournai-secondaire\/wp-content\/uploads\/2019\/09\/le_dialogue_inter_religieux.pdf\" class=\"elementor-icon elementor-animation-\" tabindex=\"-1\">\n\t\t\t\t<i aria-hidden=\"true\" class=\"fas fa-file-pdf\"><\/i>\t\t\t\t<\/a>\n\t\t\t<\/div>\n\t\t\t\t\t\t<div class=\"elementor-icon-box-content\">\n\t\t\t\t<h3 class=\"elementor-icon-box-title\">\n\t\t\t\t\t<a href=\"http:\/\/pastorale-scolaire.net\/tournai-secondaire\/wp-content\/uploads\/2019\/09\/le_dialogue_inter_religieux.pdf\" >\n\t\t\t\t\t\tLe dialogue interreligieux\t\t\t\t\t<\/a>\n\t\t\t\t<\/h3>\n\t\t\t\t\t\t\t<\/div>\n\t\t<\/div>\n\t\t\t\t<\/div>\n\t\t\t\t<\/div>\n\t\t\t\t\t<\/div>\n\t\t<\/div>\n\t\t\t\t<div class=\"elementor-column elementor-col-25 elementor-top-column elementor-element elementor-element-48da025\" data-id=\"48da025\" data-element_type=\"column\">\n\t\t\t<div class=\"elementor-widget-wrap elementor-element-populated\">\n\t\t\t\t\t\t\t\t<div class=\"elementor-element elementor-element-527c612 elementor-view-default elementor-position-top elementor-mobile-position-top elementor-widget elementor-widget-icon-box\" data-id=\"527c612\" data-element_type=\"widget\" data-widget_type=\"icon-box.default\">\n\t\t\t\t<div class=\"elementor-widget-container\">\n\t\t\t\t\t<div class=\"elementor-icon-box-wrapper\">\n\t\t\t\t\t\t<div class=\"elementor-icon-box-icon\">\n\t\t\t\t<a href=\"http:\/\/pastorale-scolaire.net\/tournai-secondaire\/wp-content\/uploads\/2019\/09\/les_identites_individuelles_et_collectives.pdf\" class=\"elementor-icon elementor-animation-\" tabindex=\"-1\">\n\t\t\t\t<i aria-hidden=\"true\" class=\"fas fa-file-pdf\"><\/i>\t\t\t\t<\/a>\n\t\t\t<\/div>\n\t\t\t\t\t\t<div class=\"elementor-icon-box-content\">\n\t\t\t\t<h3 class=\"elementor-icon-box-title\">\n\t\t\t\t\t<a href=\"http:\/\/pastorale-scolaire.net\/tournai-secondaire\/wp-content\/uploads\/2019\/09\/les_identites_individuelles_et_collectives.pdf\" >\n\t\t\t\t\t\tLes identit\u00e9s individuelles et collectives\t\t\t\t\t<\/a>\n\t\t\t\t<\/h3>\n\t\t\t\t\t\t\t<\/div>\n\t\t<\/div>\n\t\t\t\t<\/div>\n\t\t\t\t<\/div>\n\t\t\t\t\t<\/div>\n\t\t<\/div>\n\t\t\t\t\t\t\t<\/div>\n\t\t<\/section>\n\t\t\t\t\t\t\t<\/div>\n\t\t","protected":false},"excerpt":{"rendered":"<p>2017 2016 2015 2013 2012 2011 2010 Journ\u00e9e dioc\u00e9saine 2017 &#8211; Ecole des Ursulines de Mons Myriam Tonus : Les jeunes et le Sens Les jeunes &#8211; Le sens&#8230; Voil\u00e0 des englobants bien commodes. Deux articles englobants qui donnent \u00e0 entendre qu&rsquo;il existerait bel et bien un ensemble humain homog\u00e8ne, rassemblant tous les individus d&rsquo;une [&hellip;]<\/p>\n","protected":false},"author":1,"featured_media":734,"comment_status":"closed","ping_status":"closed","sticky":false,"template":"","format":"standard","meta":{"ocean_post_layout":"","ocean_both_sidebars_style":"","ocean_both_sidebars_content_width":0,"ocean_both_sidebars_sidebars_width":0,"ocean_sidebar":"0","ocean_second_sidebar":"0","ocean_disable_margins":"enable","ocean_add_body_class":"","ocean_shortcode_before_top_bar":"","ocean_shortcode_after_top_bar":"","ocean_shortcode_before_header":"","ocean_shortcode_after_header":"","ocean_has_shortcode":"","ocean_shortcode_after_title":"","ocean_shortcode_before_footer_widgets":"","ocean_shortcode_after_footer_widgets":"","ocean_shortcode_before_footer_bottom":"","ocean_shortcode_after_footer_bottom":"","ocean_display_top_bar":"default","ocean_display_header":"default","ocean_header_style":"","ocean_center_header_left_menu":"0","ocean_custom_header_template":"0","ocean_custom_logo":0,"ocean_custom_retina_logo":0,"ocean_custom_logo_max_width":0,"ocean_custom_logo_tablet_max_width":0,"ocean_custom_logo_mobile_max_width":0,"ocean_custom_logo_max_height":0,"ocean_custom_logo_tablet_max_height":0,"ocean_custom_logo_mobile_max_height":0,"ocean_header_custom_menu":"0","ocean_menu_typo_font_family":"0","ocean_menu_typo_font_subset":"","ocean_menu_typo_font_size":0,"ocean_menu_typo_font_size_tablet":0,"ocean_menu_typo_font_size_mobile":0,"ocean_menu_typo_font_size_unit":"px","ocean_menu_typo_font_weight":"","ocean_menu_typo_font_weight_tablet":"","ocean_menu_typo_font_weight_mobile":"","ocean_menu_typo_transform":"","ocean_menu_typo_transform_tablet":"","ocean_menu_typo_transform_mobile":"","ocean_menu_typo_line_height":0,"ocean_menu_typo_line_height_tablet":0,"ocean_menu_typo_line_height_mobile":0,"ocean_menu_typo_line_height_unit":"","ocean_menu_typo_spacing":0,"ocean_menu_typo_spacing_tablet":0,"ocean_menu_typo_spacing_mobile":0,"ocean_menu_typo_spacing_unit":"","ocean_menu_link_color":"","ocean_menu_link_color_hover":"","ocean_menu_link_color_active":"","ocean_menu_link_background":"","ocean_menu_link_hover_background":"","ocean_menu_link_active_background":"","ocean_menu_social_links_bg":"","ocean_menu_social_hover_links_bg":"","ocean_menu_social_links_color":"","ocean_menu_social_hover_links_color":"","ocean_disable_title":"default","ocean_disable_heading":"default","ocean_post_title":"","ocean_post_subheading":"","ocean_post_title_style":"","ocean_post_title_background_color":"","ocean_post_title_background":0,"ocean_post_title_bg_image_position":"","ocean_post_title_bg_image_attachment":"","ocean_post_title_bg_image_repeat":"","ocean_post_title_bg_image_size":"","ocean_post_title_height":0,"ocean_post_title_bg_overlay":0.5,"ocean_post_title_bg_overlay_color":"","ocean_disable_breadcrumbs":"default","ocean_breadcrumbs_color":"","ocean_breadcrumbs_separator_color":"","ocean_breadcrumbs_links_color":"","ocean_breadcrumbs_links_hover_color":"","ocean_display_footer_widgets":"default","ocean_display_footer_bottom":"default","ocean_custom_footer_template":"0","ocean_post_oembed":"","ocean_post_self_hosted_media":"","ocean_post_video_embed":"","ocean_link_format":"","ocean_link_format_target":"self","ocean_quote_format":"","ocean_quote_format_link":"post","ocean_gallery_link_images":"off","ocean_gallery_id":[],"footnotes":""},"categories":[28],"tags":[],"class_list":["post-732","post","type-post","status-publish","format-standard","has-post-thumbnail","hentry","category-traces-des-journees-diocesaines","entry","has-media"],"_links":{"self":[{"href":"http:\/\/pastorale-scolaire.net\/tournai-secondaire\/wp-json\/wp\/v2\/posts\/732","targetHints":{"allow":["GET"]}}],"collection":[{"href":"http:\/\/pastorale-scolaire.net\/tournai-secondaire\/wp-json\/wp\/v2\/posts"}],"about":[{"href":"http:\/\/pastorale-scolaire.net\/tournai-secondaire\/wp-json\/wp\/v2\/types\/post"}],"author":[{"embeddable":true,"href":"http:\/\/pastorale-scolaire.net\/tournai-secondaire\/wp-json\/wp\/v2\/users\/1"}],"replies":[{"embeddable":true,"href":"http:\/\/pastorale-scolaire.net\/tournai-secondaire\/wp-json\/wp\/v2\/comments?post=732"}],"version-history":[{"count":0,"href":"http:\/\/pastorale-scolaire.net\/tournai-secondaire\/wp-json\/wp\/v2\/posts\/732\/revisions"}],"wp:featuredmedia":[{"embeddable":true,"href":"http:\/\/pastorale-scolaire.net\/tournai-secondaire\/wp-json\/wp\/v2\/media\/734"}],"wp:attachment":[{"href":"http:\/\/pastorale-scolaire.net\/tournai-secondaire\/wp-json\/wp\/v2\/media?parent=732"}],"wp:term":[{"taxonomy":"category","embeddable":true,"href":"http:\/\/pastorale-scolaire.net\/tournai-secondaire\/wp-json\/wp\/v2\/categories?post=732"},{"taxonomy":"post_tag","embeddable":true,"href":"http:\/\/pastorale-scolaire.net\/tournai-secondaire\/wp-json\/wp\/v2\/tags?post=732"}],"curies":[{"name":"wp","href":"https:\/\/api.w.org\/{rel}","templated":true}]}}