{"id":627,"date":"2019-01-03T19:33:36","date_gmt":"2019-01-03T18:33:36","guid":{"rendered":"http:\/\/pastorale-scolaire.net\/tournai-secondaire\/?p=627"},"modified":"2020-09-17T14:13:57","modified_gmt":"2020-09-17T12:13:57","slug":"a-propos-des-gilets-jaunes","status":"publish","type":"post","link":"http:\/\/pastorale-scolaire.net\/tournai-secondaire\/a-propos-des-gilets-jaunes\/","title":{"rendered":"A propos des gilets jaunes&#8230;"},"content":{"rendered":"\t\t<div data-elementor-type=\"wp-post\" data-elementor-id=\"627\" class=\"elementor elementor-627\">\n\t\t\t\t\t\t\t\t\t<section class=\"elementor-section elementor-top-section elementor-element elementor-element-bf08e53 elementor-section-boxed elementor-section-height-default elementor-section-height-default\" data-id=\"bf08e53\" data-element_type=\"section\">\n\t\t\t\t\t\t<div class=\"elementor-container elementor-column-gap-default\">\n\t\t\t\t\t<div class=\"elementor-column elementor-col-100 elementor-top-column elementor-element elementor-element-eb87baa\" data-id=\"eb87baa\" data-element_type=\"column\">\n\t\t\t<div class=\"elementor-widget-wrap elementor-element-populated\">\n\t\t\t\t\t\t\t\t<div class=\"elementor-element elementor-element-ca8bb0b elementor-widget elementor-widget-text-editor\" data-id=\"ca8bb0b\" data-element_type=\"widget\" data-widget_type=\"text-editor.default\">\n\t\t\t\t<div class=\"elementor-widget-container\">\n\t\t\t\t\t\t\t<p><img loading=\"lazy\" decoding=\"async\" class=\"wp-image-629 size-full alignleft\" src=\"http:\/\/pastorale-scolaire.net\/tournai-secondaire\/wp-content\/uploads\/2020\/07\/GiletsJaunes.jpg\" alt=\"\" width=\"310\" height=\"190\" srcset=\"http:\/\/pastorale-scolaire.net\/tournai-secondaire\/wp-content\/uploads\/2020\/07\/GiletsJaunes.jpg 310w, http:\/\/pastorale-scolaire.net\/tournai-secondaire\/wp-content\/uploads\/2020\/07\/GiletsJaunes-300x184.jpg 300w\" sizes=\"auto, (max-width: 310px) 100vw, 310px\" \/>Peut-\u00eatre avez-vous \u00e9t\u00e9 bloqu\u00e9 vous-m\u00eames, \u00e0 l\u2019un ou l\u2019autre rond-point, durant les derni\u00e8res semaines de 2018 ? Quoi qu\u2019il en soit, le mouvement spontan\u00e9 des \u00ab gilets jaunes \u00bb, largement m\u00e9diatis\u00e9, interpelle chacun de nous et la soci\u00e9t\u00e9 toute enti\u00e8re. Il fait l\u2019objet de d\u00e9bats engag\u00e9s, souvent passionn\u00e9s, jusque dans nos classes ou la salle des profs\u2026<\/p>\t\t\t\t\t\t<\/div>\n\t\t\t\t<\/div>\n\t\t\t\t\t<\/div>\n\t\t<\/div>\n\t\t\t\t\t\t\t<\/div>\n\t\t<\/section>\n\t\t\t\t<section class=\"elementor-section elementor-top-section elementor-element elementor-element-96cb6bd elementor-section-boxed elementor-section-height-default elementor-section-height-default\" data-id=\"96cb6bd\" data-element_type=\"section\">\n\t\t\t\t\t\t<div class=\"elementor-container elementor-column-gap-default\">\n\t\t\t\t\t<div class=\"elementor-column elementor-col-100 elementor-top-column elementor-element elementor-element-637cf7a\" data-id=\"637cf7a\" data-element_type=\"column\">\n\t\t\t<div class=\"elementor-widget-wrap elementor-element-populated\">\n\t\t\t\t\t\t\t\t<div class=\"elementor-element elementor-element-e012f91 elementor-widget elementor-widget-text-editor\" data-id=\"e012f91\" data-element_type=\"widget\" data-widget_type=\"text-editor.default\">\n\t\t\t\t<div class=\"elementor-widget-container\">\n\t\t\t\t\t\t\t<p>Voici une r\u00e9flexion glan\u00e9e sur le blog d\u2019un observateur qui offre un peu de recul et une \u00e9bauche d\u2019analyse :<\/p><h3>R\u00e9flexion d\u2019Arnaud Riou sur la situation en France<\/h3><p>Qui est responsable de cette violence ?<\/p><p><img loading=\"lazy\" decoding=\"async\" class=\"alignright wp-image-728 size-full\" src=\"http:\/\/pastorale-scolaire.net\/tournai-secondaire\/wp-content\/uploads\/2020\/07\/ArnaudRiou.jpg\" alt=\"\" width=\"260\" height=\"194\" \/>Au lendemain de la grande manifestation des gilets jaunes du premier d\u00e9cembre, les images de l&rsquo;Arc de Triomphe saccag\u00e9 tournent en boucle.<\/p><p>En marge du cort\u00e8ge, des casseurs y ont p\u00e9n\u00e9tr\u00e9 et ont d\u00e9truit une partie de son mobilier. L&rsquo;anonyme qui, avec un extincteur a cass\u00e9 cette moulure, a-t-il seulement reconnu le visage de Marianne, d\u00e9tail de la statue \u00ab\u00a0Le d\u00e9part des volontaires\u00a0\u00bb ?<\/p><p>Le pr\u00e9sident Macron a d\u00e9clar\u00e9 ce matin que les responsables de ces violences seront retrouv\u00e9s et punis. Il a \u00e9galement rappel\u00e9 qu&rsquo;il acceptait la col\u00e8re des manifestants, mais non leur violence. Ainsi, la violence serait le prolongement de la col\u00e8re ? Dans mon exp\u00e9rience, elle ne l&rsquo;est pas. La violence n&rsquo;est pas le prolongement de la col\u00e8re, mais le prolongement d&rsquo;une col\u00e8re r\u00e9prim\u00e9e, \u00e9touff\u00e9e \u00e0 force de petites frustrations quotidiennes et d&rsquo;humiliations insupportables qui, un jour et de fa\u00e7on impr\u00e9visible, explosent comme une cocotte-minute oubli\u00e9e sur le feu.<\/p><p>Cela fait tant de mois que sont visibles les signes de saturation de cette France qui compte chaque euro pour faire ses courses, de ses infirmi\u00e8res qui pleurent de ne plus pouvoir exercer dignement un m\u00e9tier qu&rsquo;elles ont choisi, de ses ch\u00f4meurs ou petits retrait\u00e9s, pour qui l&rsquo;augmentation de quelques centimes d&rsquo;un ticket de m\u00e9tro ou d&rsquo;un litre d&rsquo;essence d\u00e9s\u00e9quilibre le budget mensuel.<\/p><p>Le Pr\u00e9sident et son premier ministre se disent pr\u00eats \u00e0 recevoir les repr\u00e9sentants de ce mouvement et \u00e9couter leur revendication. Mais il suffit de savoir enfiler un gilet jaune pour comprendre qu&rsquo;il n&rsquo;y a pas de repr\u00e9sentant. Ce mouvement n&rsquo;a rien de pyramidal ou de structur\u00e9 comme peuvent l&rsquo;\u00eatre les syndicats ou les parties politiques. C&rsquo;est un mouvement spontan\u00e9, le mouvement du ras-le- bol, de la goutte d&rsquo;eau, de la col\u00e8re qui n&rsquo;en peut plus d&rsquo;\u00eatre contenue.<\/p><p>Quelle n\u00e9gociation peut avoir lieu aujourd&rsquo;hui, tant il y a un d\u00e9calage entre la d\u00e9tresse des gilets jaunes et les ors brillants des salons de la R\u00e9publique ?<\/p><p>Bien s\u00fbr, je ne cautionne aucune violence. En toutes circonstances, j&rsquo;encourage de tout mon c\u0153ur le dialogue, l&rsquo;\u00e9change, la rencontre. Car la parole vraie, la prise en compte de l&rsquo;autre sont les premi\u00e8res cl\u00e9s de la r\u00e9solution d&rsquo;un conflit. Nous ne sommes pas assez form\u00e9s \u00e0 cela, et trop de politiques manquent d&rsquo;humilit\u00e9 et d&#8217;empathie pour comprendre le quotidien de ceux qui n&rsquo;en peuvent plus.<\/p><p>Lorsque le dialogue n&rsquo;est plus possible, lorsque les hommes et les femmes \u00e9lus pour d\u00e9fendre nos valeurs deviennent arrogants, ou simplement insensibles aux plus fragiles d&rsquo;entre nous, lorsqu&rsquo;il y a tant de distance entre la r\u00e9alit\u00e9 des uns et celle des autres et qu\u2019aucun effort s\u00e9rieux n&rsquo;est fait pour r\u00e9tablir le lien humain, alors oui, la fracture g\u00e9n\u00e8re de la violence.<\/p><p>(\u2026) Si je trouve violent d&rsquo;avoir bris\u00e9 cette statue symbole de l&rsquo;unit\u00e9 de la nation, je trouve plus violent encore de poser 300 000 euros de moquette \u00e0 l\u2019\u00c9lys\u00e9e, ou de d\u00e9penser plus de 800 000 euros d&rsquo;argent public pour une simple visite en Nouvelle Cal\u00e9donie, dans la semaine o\u00f9 des milliers de fran\u00e7ais manifestent dans la rue. Cette co\u00efncidence peut \u00eatre v\u00e9cue comme une simple maladresse pour les uns, et comme une humiliation pour les autres.<\/p><p>(\u2026) Il est facile de transmettre ses valeurs. Il suffit de les incarner soi-m\u00eame. (\u2026) C&rsquo;est la qualit\u00e9 des v\u00e9ritables leaders d&rsquo;opinion, \u00e0 l&rsquo;image de Gandhi dont le seul slogan (\u00ab sois le changement que tu veux voir en ce monde \u00bb) montrait par l&rsquo;exemple que la meilleure fa\u00e7on de faire la paix dans le monde \u00e9tait d\u2019\u0153uvrer pour \u00e9tablir la paix dans son coeur. Et si la meilleure fa\u00e7on pour notre gouvernement d&rsquo;inspirer la n\u00e9cessit\u00e9 de l&rsquo;\u00e9conomie \u00e9tait de l&rsquo;incarner ? Les id\u00e9es ne manquent pas pour faire des \u00e9conomies et restaurer le dialogue. Dans la p\u00e9riode que nous traversons, le lien a \u00e9t\u00e9 rompu en trop d&rsquo;endroits. La confiance est affect\u00e9e, meurtrie. La fraternit\u00e9 s&rsquo;est \u00e9teinte pour faire place \u00e0 la comp\u00e9titivit\u00e9, au refus de l&rsquo;autre&#8230; Il faudra un temps certain pour r\u00e9tablir les liens.<\/p><p>Nous ne traversons pas une crise, mais une mutation. Cette mutation est profonde et organique. Elle touche tous les syst\u00e8mes financier, \u00e9conomique, \u00e9cologique, d&rsquo;\u00e9ducation, culturel et spirituel. Le vieux monde s&rsquo;effondre, comme il s&rsquo;est effondr\u00e9 \u00e0 la chute de l&#8217;empire romain ou des Ottomans, ce vieux monde b\u00e2ti sur des paradigmes d&rsquo;un autre si\u00e8cle. Il est temps d&rsquo;en finir avec la recherche d&rsquo;une croissance aveugle pour la remplacer par une sobri\u00e9t\u00e9 heureuse, encourag\u00e9e et intelligente. Il est temps de ne plus croire que nos ressources sont in\u00e9puisables : l&rsquo;exploitation aveugle des ressources \u00e9cologiques nous conduit \u00e0 une catastrophe annonc\u00e9e.<\/p><p>Les sagesses nous enseignent que, pour passer \u00e0 l\u2019action, il n&rsquo;existe profond\u00e9ment que deux moteurs : l&rsquo;amour et la peur. Peut-\u00eatre pouvons-nous consid\u00e9rer que nous avons assez investi dans le pouvoir de la peur, peur de l&rsquo;autre, peur du changement, peur du dialogue v\u00e9ritable, pour essayer cet autre pouvoir qui vient du c\u0153ur et qui manque tant dans les structures de notre d\u00e9mocratie.<\/p>\t\t\t\t\t\t<\/div>\n\t\t\t\t<\/div>\n\t\t\t\t\t<\/div>\n\t\t<\/div>\n\t\t\t\t\t\t\t<\/div>\n\t\t<\/section>\n\t\t\t\t\t\t\t<\/div>\n\t\t","protected":false},"excerpt":{"rendered":"<p>Peut-\u00eatre avez-vous \u00e9t\u00e9 bloqu\u00e9 vous-m\u00eames, \u00e0 l\u2019un ou l\u2019autre rond-point, durant les derni\u00e8res semaines de 2018 ? Quoi qu\u2019il en soit, le mouvement spontan\u00e9 des \u00ab gilets jaunes \u00bb, largement m\u00e9diatis\u00e9, interpelle chacun de nous et la soci\u00e9t\u00e9 toute enti\u00e8re. Il fait l\u2019objet de d\u00e9bats engag\u00e9s, souvent passionn\u00e9s, jusque dans nos classes ou la salle [&hellip;]<\/p>\n","protected":false},"author":1,"featured_media":629,"comment_status":"closed","ping_status":"closed","sticky":false,"template":"","format":"standard","meta":{"ocean_post_layout":"","ocean_both_sidebars_style":"","ocean_both_sidebars_content_width":0,"ocean_both_sidebars_sidebars_width":0,"ocean_sidebar":"0","ocean_second_sidebar":"0","ocean_disable_margins":"enable","ocean_add_body_class":"","ocean_shortcode_before_top_bar":"","ocean_shortcode_after_top_bar":"","ocean_shortcode_before_header":"","ocean_shortcode_after_header":"","ocean_has_shortcode":"","ocean_shortcode_after_title":"","ocean_shortcode_before_footer_widgets":"","ocean_shortcode_after_footer_widgets":"","ocean_shortcode_before_footer_bottom":"","ocean_shortcode_after_footer_bottom":"","ocean_display_top_bar":"default","ocean_display_header":"default","ocean_header_style":"","ocean_center_header_left_menu":"0","ocean_custom_header_template":"0","ocean_custom_logo":0,"ocean_custom_retina_logo":0,"ocean_custom_logo_max_width":0,"ocean_custom_logo_tablet_max_width":0,"ocean_custom_logo_mobile_max_width":0,"ocean_custom_logo_max_height":0,"ocean_custom_logo_tablet_max_height":0,"ocean_custom_logo_mobile_max_height":0,"ocean_header_custom_menu":"0","ocean_menu_typo_font_family":"0","ocean_menu_typo_font_subset":"","ocean_menu_typo_font_size":0,"ocean_menu_typo_font_size_tablet":0,"ocean_menu_typo_font_size_mobile":0,"ocean_menu_typo_font_size_unit":"px","ocean_menu_typo_font_weight":"","ocean_menu_typo_font_weight_tablet":"","ocean_menu_typo_font_weight_mobile":"","ocean_menu_typo_transform":"","ocean_menu_typo_transform_tablet":"","ocean_menu_typo_transform_mobile":"","ocean_menu_typo_line_height":0,"ocean_menu_typo_line_height_tablet":0,"ocean_menu_typo_line_height_mobile":0,"ocean_menu_typo_line_height_unit":"","ocean_menu_typo_spacing":0,"ocean_menu_typo_spacing_tablet":0,"ocean_menu_typo_spacing_mobile":0,"ocean_menu_typo_spacing_unit":"","ocean_menu_link_color":"","ocean_menu_link_color_hover":"","ocean_menu_link_color_active":"","ocean_menu_link_background":"","ocean_menu_link_hover_background":"","ocean_menu_link_active_background":"","ocean_menu_social_links_bg":"","ocean_menu_social_hover_links_bg":"","ocean_menu_social_links_color":"","ocean_menu_social_hover_links_color":"","ocean_disable_title":"default","ocean_disable_heading":"default","ocean_post_title":"","ocean_post_subheading":"","ocean_post_title_style":"","ocean_post_title_background_color":"","ocean_post_title_background":0,"ocean_post_title_bg_image_position":"","ocean_post_title_bg_image_attachment":"","ocean_post_title_bg_image_repeat":"","ocean_post_title_bg_image_size":"","ocean_post_title_height":0,"ocean_post_title_bg_overlay":0.5,"ocean_post_title_bg_overlay_color":"","ocean_disable_breadcrumbs":"default","ocean_breadcrumbs_color":"","ocean_breadcrumbs_separator_color":"","ocean_breadcrumbs_links_color":"","ocean_breadcrumbs_links_hover_color":"","ocean_display_footer_widgets":"default","ocean_display_footer_bottom":"default","ocean_custom_footer_template":"0","ocean_post_oembed":"","ocean_post_self_hosted_media":"","ocean_post_video_embed":"","ocean_link_format":"","ocean_link_format_target":"self","ocean_quote_format":"","ocean_quote_format_link":"post","ocean_gallery_link_images":"off","ocean_gallery_id":[],"footnotes":""},"categories":[19],"tags":[43,30],"class_list":["post-627","post","type-post","status-publish","format-standard","has-post-thumbnail","hentry","category-actualite","tag-gilets-jaunes","tag-newsletter","entry","has-media"],"_links":{"self":[{"href":"http:\/\/pastorale-scolaire.net\/tournai-secondaire\/wp-json\/wp\/v2\/posts\/627","targetHints":{"allow":["GET"]}}],"collection":[{"href":"http:\/\/pastorale-scolaire.net\/tournai-secondaire\/wp-json\/wp\/v2\/posts"}],"about":[{"href":"http:\/\/pastorale-scolaire.net\/tournai-secondaire\/wp-json\/wp\/v2\/types\/post"}],"author":[{"embeddable":true,"href":"http:\/\/pastorale-scolaire.net\/tournai-secondaire\/wp-json\/wp\/v2\/users\/1"}],"replies":[{"embeddable":true,"href":"http:\/\/pastorale-scolaire.net\/tournai-secondaire\/wp-json\/wp\/v2\/comments?post=627"}],"version-history":[{"count":0,"href":"http:\/\/pastorale-scolaire.net\/tournai-secondaire\/wp-json\/wp\/v2\/posts\/627\/revisions"}],"wp:featuredmedia":[{"embeddable":true,"href":"http:\/\/pastorale-scolaire.net\/tournai-secondaire\/wp-json\/wp\/v2\/media\/629"}],"wp:attachment":[{"href":"http:\/\/pastorale-scolaire.net\/tournai-secondaire\/wp-json\/wp\/v2\/media?parent=627"}],"wp:term":[{"taxonomy":"category","embeddable":true,"href":"http:\/\/pastorale-scolaire.net\/tournai-secondaire\/wp-json\/wp\/v2\/categories?post=627"},{"taxonomy":"post_tag","embeddable":true,"href":"http:\/\/pastorale-scolaire.net\/tournai-secondaire\/wp-json\/wp\/v2\/tags?post=627"}],"curies":[{"name":"wp","href":"https:\/\/api.w.org\/{rel}","templated":true}]}}