{"id":539,"date":"2019-12-01T15:50:25","date_gmt":"2019-12-01T14:50:25","guid":{"rendered":"http:\/\/pastorale-scolaire.net\/tournai-secondaire\/?p=539"},"modified":"2020-09-22T15:08:27","modified_gmt":"2020-09-22T13:08:27","slug":"newsletter-decembre-2019","status":"publish","type":"post","link":"http:\/\/pastorale-scolaire.net\/tournai-secondaire\/newsletter-decembre-2019\/","title":{"rendered":"Newsletter D\u00e9cembre 2019"},"content":{"rendered":"\t\t<div data-elementor-type=\"wp-post\" data-elementor-id=\"539\" class=\"elementor elementor-539\">\n\t\t\t\t\t\t\t\t\t<section class=\"elementor-section elementor-top-section elementor-element elementor-element-ee23b41 elementor-section-boxed elementor-section-height-default elementor-section-height-default\" data-id=\"ee23b41\" data-element_type=\"section\">\n\t\t\t\t\t\t<div class=\"elementor-container elementor-column-gap-default\">\n\t\t\t\t\t<div class=\"elementor-column elementor-col-100 elementor-top-column elementor-element elementor-element-09149ee\" data-id=\"09149ee\" data-element_type=\"column\">\n\t\t\t<div class=\"elementor-widget-wrap elementor-element-populated\">\n\t\t\t\t\t\t\t\t<div class=\"elementor-element elementor-element-2c2b286 elementor-widget elementor-widget-heading\" data-id=\"2c2b286\" data-element_type=\"widget\" data-widget_type=\"heading.default\">\n\t\t\t\t<div class=\"elementor-widget-container\">\n\t\t\t<h4 class=\"elementor-heading-title elementor-size-large\">Newsletter propos\u00e9e aux \u00e9coles<\/h4>\t\t<\/div>\n\t\t\t\t<\/div>\n\t\t\t\t\t<\/div>\n\t\t<\/div>\n\t\t\t\t\t\t\t<\/div>\n\t\t<\/section>\n\t\t\t\t<section class=\"elementor-section elementor-top-section elementor-element elementor-element-8e616be elementor-section-boxed elementor-section-height-default elementor-section-height-default\" data-id=\"8e616be\" data-element_type=\"section\">\n\t\t\t\t\t\t<div class=\"elementor-container elementor-column-gap-default\">\n\t\t\t\t\t<div class=\"elementor-column elementor-col-100 elementor-top-column elementor-element elementor-element-08c4d0b\" data-id=\"08c4d0b\" data-element_type=\"column\">\n\t\t\t<div class=\"elementor-widget-wrap elementor-element-populated\">\n\t\t\t\t\t\t\t\t<div class=\"elementor-element elementor-element-67c136d elementor-widget elementor-widget-heading\" data-id=\"67c136d\" data-element_type=\"widget\" data-widget_type=\"heading.default\">\n\t\t\t\t<div class=\"elementor-widget-container\">\n\t\t\t<h4 class=\"elementor-heading-title elementor-size-default\">par le Service Pastoral des Jeunes\net l\u2019Equipe d\u2019Animation pour la Pastorale Scolaire du Secondaire\ndans le dioc\u00e8se de Tournai<\/h4>\t\t<\/div>\n\t\t\t\t<\/div>\n\t\t\t\t\t<\/div>\n\t\t<\/div>\n\t\t\t\t\t\t\t<\/div>\n\t\t<\/section>\n\t\t\t\t<section class=\"elementor-section elementor-top-section elementor-element elementor-element-e4ff3bd elementor-section-boxed elementor-section-height-default elementor-section-height-default\" data-id=\"e4ff3bd\" data-element_type=\"section\">\n\t\t\t\t\t\t<div class=\"elementor-container elementor-column-gap-default\">\n\t\t\t\t\t<div class=\"elementor-column elementor-col-100 elementor-top-column elementor-element elementor-element-6ce8ce4\" data-id=\"6ce8ce4\" data-element_type=\"column\">\n\t\t\t<div class=\"elementor-widget-wrap elementor-element-populated\">\n\t\t\t\t\t\t\t\t<div class=\"elementor-element elementor-element-79edd6a elementor-widget elementor-widget-text-editor\" data-id=\"79edd6a\" data-element_type=\"widget\" data-widget_type=\"text-editor.default\">\n\t\t\t\t<div class=\"elementor-widget-container\">\n\t\t\t\t\t\t\t<p><strong>Chers membres des \u00e9quipes de direction,<br \/>Chers enseignantes et enseignants,<br \/>Chers \u00e9l\u00e8ves,<\/strong><\/p><p>En ce mois de d\u00e9cembre, les jours raccourcissent et l\u2019obscurit\u00e9 se fait de plus en plus pr\u00e9sente. Chacun ressent davantage le besoin de se retrouver \u00ab\u00a0chez soi\u00a0\u00bb, dans un cadre reposant, lumineux et chaleureux.\u00a0 N\u2019est-ce pas aussi un appel \u00e0 \u00ab\u00a0oser les chemins de l\u2019int\u00e9riorit\u00e9\u00a0\u00bb, pour reprendre le th\u00e8me de notre derni\u00e8re journ\u00e9e dioc\u00e9saine de pastorale scolaire\u00a0?<\/p><p>Ce nouveau num\u00e9ro de la \u00ab\u00a0Newsletter propos\u00e9e aux \u00e9coles\u00a0\u00bb vous parvient alors que se cl\u00f4ture le premier trimestre, avec la tenue des conseils de classe et la remise des bulletins. Bient\u00f4t, nous laisserons durant quelques jours nos pr\u00e9occupations scolaires, et nous allons nous retrouver en famille, avec nos amis, pour f\u00eater ensemble No\u00ebl.<\/p><p>Notre souhait, pour chacune et chacun de vous, est que vous puissiez profiter d\u2019une pause dans le quotidien si souvent bouscul\u00e9, et go\u00fbter un peu de cette paix et de cette lumi\u00e8re int\u00e9rieure que veut nous offrir l\u2019Emmanuel, \u00ab\u00a0Dieu qui vient \u00e0 nous\u00a0\u00bb dans l\u2019humilit\u00e9 et la pauvret\u00e9 d\u2019un enfant nouveau-n\u00e9.<\/p><p>Joyeux No\u00ebl\u00a0!<\/p><p><em>Bernard GHISLAIN et Kristina KOETHE, pour la Pastorale Scolaire.<br \/>Bertrand DESIMPEL et Annonciata UWAMAHORO, pour le SPJ.<\/em><\/p>\t\t\t\t\t\t<\/div>\n\t\t\t\t<\/div>\n\t\t\t\t\t<\/div>\n\t\t<\/div>\n\t\t\t\t\t\t\t<\/div>\n\t\t<\/section>\n\t\t\t\t<section class=\"elementor-section elementor-top-section elementor-element elementor-element-42ec3e5 elementor-section-boxed elementor-section-height-default elementor-section-height-default\" data-id=\"42ec3e5\" data-element_type=\"section\">\n\t\t\t\t\t\t<div class=\"elementor-container elementor-column-gap-default\">\n\t\t\t\t\t<div class=\"elementor-column elementor-col-33 elementor-top-column elementor-element elementor-element-4f4135b\" data-id=\"4f4135b\" data-element_type=\"column\">\n\t\t\t<div class=\"elementor-widget-wrap elementor-element-populated\">\n\t\t\t\t\t\t\t\t<div class=\"elementor-element elementor-element-f65901c elementor-align-center elementor-widget elementor-widget-button\" data-id=\"f65901c\" data-element_type=\"widget\" data-widget_type=\"button.default\">\n\t\t\t\t<div class=\"elementor-widget-container\">\n\t\t\t\t\t<div class=\"elementor-button-wrapper\">\n\t\t\t<a class=\"elementor-button elementor-button-link elementor-size-sm\" href=\"http:\/\/pastorale-scolaire.net\/tournai-secondaire\/frere-roger-schutz-de-taize\/\" target=\"_blank\">\n\t\t\t\t\t\t<span class=\"elementor-button-content-wrapper\">\n\t\t\t\t\t\t<span class=\"elementor-button-text\">Un T\u00e9moin<\/span>\n\t\t<\/span>\n\t\t\t\t\t<\/a>\n\t\t<\/div>\n\t\t\t\t<\/div>\n\t\t\t\t<\/div>\n\t\t\t\t<div class=\"elementor-element elementor-element-22fd9b3 elementor-position-top elementor-widget elementor-widget-image-box\" data-id=\"22fd9b3\" data-element_type=\"widget\" data-widget_type=\"image-box.default\">\n\t\t\t\t<div class=\"elementor-widget-container\">\n\t\t\t<div class=\"elementor-image-box-wrapper\"><figure class=\"elementor-image-box-img\"><a href=\"http:\/\/pastorale-scolaire.net\/tournai-secondaire\/frere-roger-schutz-de-taize\/\" target=\"_blank\" tabindex=\"-1\"><img loading=\"lazy\" decoding=\"async\" width=\"1273\" height=\"716\" src=\"http:\/\/pastorale-scolaire.net\/tournai-secondaire\/wp-content\/uploads\/2019\/12\/vignette_FrereRoger.jpg\" class=\"attachment-full size-full wp-image-1181\" alt=\"\" srcset=\"http:\/\/pastorale-scolaire.net\/tournai-secondaire\/wp-content\/uploads\/2019\/12\/vignette_FrereRoger.jpg 1273w, http:\/\/pastorale-scolaire.net\/tournai-secondaire\/wp-content\/uploads\/2019\/12\/vignette_FrereRoger-300x169.jpg 300w, http:\/\/pastorale-scolaire.net\/tournai-secondaire\/wp-content\/uploads\/2019\/12\/vignette_FrereRoger-1024x576.jpg 1024w, http:\/\/pastorale-scolaire.net\/tournai-secondaire\/wp-content\/uploads\/2019\/12\/vignette_FrereRoger-768x432.jpg 768w\" sizes=\"auto, (max-width: 1273px) 100vw, 1273px\" \/><\/a><\/figure><div class=\"elementor-image-box-content\"><h3 class=\"elementor-image-box-title\"><a href=\"http:\/\/pastorale-scolaire.net\/tournai-secondaire\/frere-roger-schutz-de-taize\/\" target=\"_blank\">Fr\u00e8re Roger de Taiz\u00e9<\/a><\/h3><p class=\"elementor-image-box-description\">Un t\u00e9moin lumineux dont le t\u00e9moignage peut encore nous inspirer aujourd'hui...<\/p><\/div><\/div>\t\t<\/div>\n\t\t\t\t<\/div>\n\t\t\t\t\t<\/div>\n\t\t<\/div>\n\t\t\t\t<div class=\"elementor-column elementor-col-33 elementor-top-column elementor-element elementor-element-30167d4\" data-id=\"30167d4\" data-element_type=\"column\">\n\t\t\t<div class=\"elementor-widget-wrap elementor-element-populated\">\n\t\t\t\t\t\t\t\t<div class=\"elementor-element elementor-element-8eea18d elementor-align-center elementor-widget elementor-widget-button\" data-id=\"8eea18d\" data-element_type=\"widget\" data-widget_type=\"button.default\">\n\t\t\t\t<div class=\"elementor-widget-container\">\n\t\t\t\t\t<div class=\"elementor-button-wrapper\">\n\t\t\t<a class=\"elementor-button elementor-button-link elementor-size-sm\" href=\"http:\/\/pastorale-scolaire.net\/tournai-secondaire\/frere-roger-schutz-de-taize\/\" target=\"_blank\">\n\t\t\t\t\t\t<span class=\"elementor-button-content-wrapper\">\n\t\t\t\t\t\t<span class=\"elementor-button-text\">Echo<\/span>\n\t\t<\/span>\n\t\t\t\t\t<\/a>\n\t\t<\/div>\n\t\t\t\t<\/div>\n\t\t\t\t<\/div>\n\t\t\t\t<div class=\"elementor-element elementor-element-cca662e elementor-position-top elementor-widget elementor-widget-image-box\" data-id=\"cca662e\" data-element_type=\"widget\" data-widget_type=\"image-box.default\">\n\t\t\t\t<div class=\"elementor-widget-container\">\n\t\t\t<div class=\"elementor-image-box-wrapper\"><figure class=\"elementor-image-box-img\"><a href=\"http:\/\/pastorale-scolaire.net\/tournai-secondaire\/journee-diocesaine-2019\/\" target=\"_blank\" tabindex=\"-1\"><img loading=\"lazy\" decoding=\"async\" width=\"2560\" height=\"1920\" src=\"http:\/\/pastorale-scolaire.net\/tournai-secondaire\/wp-content\/uploads\/2019\/12\/vignette_JDPSS-scaled.jpg\" class=\"attachment-full size-full wp-image-1180\" alt=\"\" srcset=\"http:\/\/pastorale-scolaire.net\/tournai-secondaire\/wp-content\/uploads\/2019\/12\/vignette_JDPSS-scaled.jpg 2560w, http:\/\/pastorale-scolaire.net\/tournai-secondaire\/wp-content\/uploads\/2019\/12\/vignette_JDPSS-300x225.jpg 300w, http:\/\/pastorale-scolaire.net\/tournai-secondaire\/wp-content\/uploads\/2019\/12\/vignette_JDPSS-1024x768.jpg 1024w, http:\/\/pastorale-scolaire.net\/tournai-secondaire\/wp-content\/uploads\/2019\/12\/vignette_JDPSS-768x576.jpg 768w, http:\/\/pastorale-scolaire.net\/tournai-secondaire\/wp-content\/uploads\/2019\/12\/vignette_JDPSS-1536x1152.jpg 1536w, http:\/\/pastorale-scolaire.net\/tournai-secondaire\/wp-content\/uploads\/2019\/12\/vignette_JDPSS-2048x1536.jpg 2048w\" sizes=\"auto, (max-width: 2560px) 100vw, 2560px\" \/><\/a><\/figure><div class=\"elementor-image-box-content\"><h3 class=\"elementor-image-box-title\"><a href=\"http:\/\/pastorale-scolaire.net\/tournai-secondaire\/journee-diocesaine-2019\/\" target=\"_blank\">Journ\u00e9e dioc\u00e9saine de la Pastorale Scolaire<\/a><\/h3><p class=\"elementor-image-box-description\">Dans le tr\u00e8s beau cadre du Coll\u00e8ge Saint-Vincent \u00e0 Soignies, une quarantaine de professeur de religion et\/ou impliqu\u00e9s dans la pastorale de leur \u00e9cole secondaire ont pu nourrir leur \u00e2me de r\u00e9flexions vari\u00e9es.<\/p><\/div><\/div>\t\t<\/div>\n\t\t\t\t<\/div>\n\t\t\t\t\t<\/div>\n\t\t<\/div>\n\t\t\t\t<div class=\"elementor-column elementor-col-33 elementor-top-column elementor-element elementor-element-5e5ef22\" data-id=\"5e5ef22\" data-element_type=\"column\">\n\t\t\t<div class=\"elementor-widget-wrap elementor-element-populated\">\n\t\t\t\t\t\t\t\t<div class=\"elementor-element elementor-element-c4e0a56 elementor-align-center elementor-widget elementor-widget-button\" data-id=\"c4e0a56\" data-element_type=\"widget\" data-widget_type=\"button.default\">\n\t\t\t\t<div class=\"elementor-widget-container\">\n\t\t\t\t\t<div class=\"elementor-button-wrapper\">\n\t\t\t<a class=\"elementor-button elementor-button-link elementor-size-sm\" href=\"http:\/\/pastorale-scolaire.net\/tournai-secondaire\/frere-roger-schutz-de-taize\/\" target=\"_blank\">\n\t\t\t\t\t\t<span class=\"elementor-button-content-wrapper\">\n\t\t\t\t\t\t<span class=\"elementor-button-text\">Echo<\/span>\n\t\t<\/span>\n\t\t\t\t\t<\/a>\n\t\t<\/div>\n\t\t\t\t<\/div>\n\t\t\t\t<\/div>\n\t\t\t\t<div class=\"elementor-element elementor-element-36561e5 elementor-position-top elementor-widget elementor-widget-image-box\" data-id=\"36561e5\" data-element_type=\"widget\" data-widget_type=\"image-box.default\">\n\t\t\t\t<div class=\"elementor-widget-container\">\n\t\t\t<div class=\"elementor-image-box-wrapper\"><figure class=\"elementor-image-box-img\"><a href=\"http:\/\/pastorale-scolaire.net\/tournai-secondaire\/wp-content\/uploads\/2020\/07\/OratoriumCollegeGosselies.pdf\" target=\"_blank\" tabindex=\"-1\"><img loading=\"lazy\" decoding=\"async\" width=\"500\" height=\"375\" src=\"http:\/\/pastorale-scolaire.net\/tournai-secondaire\/wp-content\/uploads\/2019\/12\/vignette_oratorium.jpg\" class=\"attachment-full size-full wp-image-1182\" alt=\"\" srcset=\"http:\/\/pastorale-scolaire.net\/tournai-secondaire\/wp-content\/uploads\/2019\/12\/vignette_oratorium.jpg 500w, http:\/\/pastorale-scolaire.net\/tournai-secondaire\/wp-content\/uploads\/2019\/12\/vignette_oratorium-300x225.jpg 300w\" sizes=\"auto, (max-width: 500px) 100vw, 500px\" \/><\/a><\/figure><div class=\"elementor-image-box-content\"><h3 class=\"elementor-image-box-title\"><a href=\"http:\/\/pastorale-scolaire.net\/tournai-secondaire\/wp-content\/uploads\/2020\/07\/OratoriumCollegeGosselies.pdf\" target=\"_blank\">Un oratorium au coll\u00e8ge Saint-Michel de Gosselies<\/a><\/h3><p class=\"elementor-image-box-description\">Un projet innovant de lieu de spiritualit\u00e9 au coll\u00e8ge Saint-Michel de Gosselies !<\/p><\/div><\/div>\t\t<\/div>\n\t\t\t\t<\/div>\n\t\t\t\t\t<\/div>\n\t\t<\/div>\n\t\t\t\t\t\t\t<\/div>\n\t\t<\/section>\n\t\t\t\t<section class=\"elementor-section elementor-top-section elementor-element elementor-element-e56c34b elementor-section-boxed elementor-section-height-default elementor-section-height-default\" data-id=\"e56c34b\" data-element_type=\"section\">\n\t\t\t\t\t\t<div class=\"elementor-container elementor-column-gap-default\">\n\t\t\t\t\t<div class=\"elementor-column elementor-col-33 elementor-top-column elementor-element elementor-element-9e432d3\" data-id=\"9e432d3\" data-element_type=\"column\">\n\t\t\t<div class=\"elementor-widget-wrap elementor-element-populated\">\n\t\t\t\t\t\t\t\t<div class=\"elementor-element elementor-element-26c1c3b elementor-align-center elementor-widget elementor-widget-button\" data-id=\"26c1c3b\" data-element_type=\"widget\" data-widget_type=\"button.default\">\n\t\t\t\t<div class=\"elementor-widget-container\">\n\t\t\t\t\t<div class=\"elementor-button-wrapper\">\n\t\t\t<a class=\"elementor-button elementor-button-link elementor-size-sm\" href=\"http:\/\/pastorale-scolaire.net\/tournai-secondaire\/une-exposition-de-claude-klimsza\/\" target=\"_blank\">\n\t\t\t\t\t\t<span class=\"elementor-button-content-wrapper\">\n\t\t\t\t\t\t<span class=\"elementor-button-text\">Rendez-Vous<\/span>\n\t\t<\/span>\n\t\t\t\t\t<\/a>\n\t\t<\/div>\n\t\t\t\t<\/div>\n\t\t\t\t<\/div>\n\t\t\t\t<div class=\"elementor-element elementor-element-5ae0d1c elementor-position-top elementor-widget elementor-widget-image-box\" data-id=\"5ae0d1c\" data-element_type=\"widget\" data-widget_type=\"image-box.default\">\n\t\t\t\t<div class=\"elementor-widget-container\">\n\t\t\t<div class=\"elementor-image-box-wrapper\"><figure class=\"elementor-image-box-img\"><a href=\"http:\/\/pastorale-scolaire.net\/tournai-secondaire\/une-exposition-de-claude-klimsza\/\" target=\"_blank\" tabindex=\"-1\"><img loading=\"lazy\" decoding=\"async\" width=\"614\" height=\"506\" src=\"http:\/\/pastorale-scolaire.net\/tournai-secondaire\/wp-content\/uploads\/2020\/07\/ClaudeKlimsza.jpg\" class=\"attachment-full size-full wp-image-667\" alt=\"\" srcset=\"http:\/\/pastorale-scolaire.net\/tournai-secondaire\/wp-content\/uploads\/2020\/07\/ClaudeKlimsza.jpg 614w, http:\/\/pastorale-scolaire.net\/tournai-secondaire\/wp-content\/uploads\/2020\/07\/ClaudeKlimsza-300x247.jpg 300w\" sizes=\"auto, (max-width: 614px) 100vw, 614px\" \/><\/a><\/figure><div class=\"elementor-image-box-content\"><h3 class=\"elementor-image-box-title\"><a href=\"http:\/\/pastorale-scolaire.net\/tournai-secondaire\/une-exposition-de-claude-klimsza\/\" target=\"_blank\">Exposition des sculptures de Claude Klimsza<\/a><\/h3><p class=\"elementor-image-box-description\">Claude Klimsza est un artiste qui invite \u00e0 la r\u00e9flexion. Il bouscule nos id\u00e9es toutes faites, souvent avec une pointe d\u2019humour, et nous ouvre un espace in\u00e9dit.<\/p><\/div><\/div>\t\t<\/div>\n\t\t\t\t<\/div>\n\t\t\t\t\t<\/div>\n\t\t<\/div>\n\t\t\t\t<div class=\"elementor-column elementor-col-33 elementor-top-column elementor-element elementor-element-c6af2bc\" data-id=\"c6af2bc\" data-element_type=\"column\">\n\t\t\t<div class=\"elementor-widget-wrap\">\n\t\t\t\t\t\t\t\t\t<\/div>\n\t\t<\/div>\n\t\t\t\t<div class=\"elementor-column elementor-col-33 elementor-top-column elementor-element elementor-element-e444138\" data-id=\"e444138\" data-element_type=\"column\">\n\t\t\t<div class=\"elementor-widget-wrap\">\n\t\t\t\t\t\t\t\t\t<\/div>\n\t\t<\/div>\n\t\t\t\t\t\t\t<\/div>\n\t\t<\/section>\n\t\t\t\t<section class=\"elementor-section elementor-top-section elementor-element elementor-element-422ba6c elementor-section-boxed elementor-section-height-default elementor-section-height-default\" data-id=\"422ba6c\" data-element_type=\"section\">\n\t\t\t\t\t\t<div class=\"elementor-container elementor-column-gap-default\">\n\t\t\t\t\t<div class=\"elementor-column elementor-col-100 elementor-top-column elementor-element elementor-element-f97894e\" data-id=\"f97894e\" data-element_type=\"column\">\n\t\t\t<div class=\"elementor-widget-wrap elementor-element-populated\">\n\t\t\t\t\t\t\t\t<div class=\"elementor-element elementor-element-605c6df elementor-widget elementor-widget-spacer\" data-id=\"605c6df\" data-element_type=\"widget\" data-widget_type=\"spacer.default\">\n\t\t\t\t<div class=\"elementor-widget-container\">\n\t\t\t\t\t<div class=\"elementor-spacer\">\n\t\t\t<div class=\"elementor-spacer-inner\"><\/div>\n\t\t<\/div>\n\t\t\t\t<\/div>\n\t\t\t\t<\/div>\n\t\t\t\t<div class=\"elementor-element elementor-element-5797091 elementor-widget elementor-widget-text-editor\" data-id=\"5797091\" data-element_type=\"widget\" data-widget_type=\"text-editor.default\">\n\t\t\t\t<div class=\"elementor-widget-container\">\n\t\t\t\t\t\t\t<h3 style=\"text-align: center;\">Lien vers la <a class=\"sans_\" href=\"https:\/\/mailchi.mp\/1ac76ac9c4c1\/par-le-service-pastoral-des-jeunes-etlquipe-danimation-pour-la-pastorale-scolaire-du-secondaire-576381?e=584e2d9d04\" target=\"_blank\" rel=\"noopener\">Newsletter<\/a><\/h3>\t\t\t\t\t\t<\/div>\n\t\t\t\t<\/div>\n\t\t\t\t\t<\/div>\n\t\t<\/div>\n\t\t\t\t\t\t\t<\/div>\n\t\t<\/section>\n\t\t\t\t\t\t\t<\/div>\n\t\t","protected":false},"excerpt":{"rendered":"<p>Newsletter propos\u00e9e aux \u00e9coles par le Service Pastoral des Jeunes et l\u2019Equipe d\u2019Animation pour la Pastorale Scolaire du Secondaire dans le dioc\u00e8se de Tournai Chers membres des \u00e9quipes de direction,Chers enseignantes et enseignants,Chers \u00e9l\u00e8ves, En ce mois de d\u00e9cembre, les jours raccourcissent et l\u2019obscurit\u00e9 se fait de plus en plus pr\u00e9sente. Chacun ressent davantage le [&hellip;]<\/p>\n","protected":false},"author":1,"featured_media":196,"comment_status":"closed","ping_status":"closed","sticky":false,"template":"","format":"standard","meta":{"ocean_post_layout":"","ocean_both_sidebars_style":"","ocean_both_sidebars_content_width":0,"ocean_both_sidebars_sidebars_width":0,"ocean_sidebar":"0","ocean_second_sidebar":"0","ocean_disable_margins":"enable","ocean_add_body_class":"","ocean_shortcode_before_top_bar":"","ocean_shortcode_after_top_bar":"","ocean_shortcode_before_header":"","ocean_shortcode_after_header":"","ocean_has_shortcode":"","ocean_shortcode_after_title":"","ocean_shortcode_before_footer_widgets":"","ocean_shortcode_after_footer_widgets":"","ocean_shortcode_before_footer_bottom":"","ocean_shortcode_after_footer_bottom":"","ocean_display_top_bar":"default","ocean_display_header":"default","ocean_header_style":"","ocean_center_header_left_menu":"0","ocean_custom_header_template":"0","ocean_custom_logo":0,"ocean_custom_retina_logo":0,"ocean_custom_logo_max_width":0,"ocean_custom_logo_tablet_max_width":0,"ocean_custom_logo_mobile_max_width":0,"ocean_custom_logo_max_height":0,"ocean_custom_logo_tablet_max_height":0,"ocean_custom_logo_mobile_max_height":0,"ocean_header_custom_menu":"0","ocean_menu_typo_font_family":"0","ocean_menu_typo_font_subset":"","ocean_menu_typo_font_size":0,"ocean_menu_typo_font_size_tablet":0,"ocean_menu_typo_font_size_mobile":0,"ocean_menu_typo_font_size_unit":"px","ocean_menu_typo_font_weight":"","ocean_menu_typo_font_weight_tablet":"","ocean_menu_typo_font_weight_mobile":"","ocean_menu_typo_transform":"","ocean_menu_typo_transform_tablet":"","ocean_menu_typo_transform_mobile":"","ocean_menu_typo_line_height":0,"ocean_menu_typo_line_height_tablet":0,"ocean_menu_typo_line_height_mobile":0,"ocean_menu_typo_line_height_unit":"","ocean_menu_typo_spacing":0,"ocean_menu_typo_spacing_tablet":0,"ocean_menu_typo_spacing_mobile":0,"ocean_menu_typo_spacing_unit":"","ocean_menu_link_color":"","ocean_menu_link_color_hover":"","ocean_menu_link_color_active":"","ocean_menu_link_background":"","ocean_menu_link_hover_background":"","ocean_menu_link_active_background":"","ocean_menu_social_links_bg":"","ocean_menu_social_hover_links_bg":"","ocean_menu_social_links_color":"","ocean_menu_social_hover_links_color":"","ocean_disable_title":"default","ocean_disable_heading":"default","ocean_post_title":"","ocean_post_subheading":"","ocean_post_title_style":"","ocean_post_title_background_color":"","ocean_post_title_background":0,"ocean_post_title_bg_image_position":"","ocean_post_title_bg_image_attachment":"","ocean_post_title_bg_image_repeat":"","ocean_post_title_bg_image_size":"","ocean_post_title_height":0,"ocean_post_title_bg_overlay":0.5,"ocean_post_title_bg_overlay_color":"","ocean_disable_breadcrumbs":"default","ocean_breadcrumbs_color":"","ocean_breadcrumbs_separator_color":"","ocean_breadcrumbs_links_color":"","ocean_breadcrumbs_links_hover_color":"","ocean_display_footer_widgets":"default","ocean_display_footer_bottom":"default","ocean_custom_footer_template":"0","ocean_post_oembed":"","ocean_post_self_hosted_media":"","ocean_post_video_embed":"","ocean_link_format":"","ocean_link_format_target":"self","ocean_quote_format":"","ocean_quote_format_link":"post","ocean_gallery_link_images":"off","ocean_gallery_id":[],"footnotes":""},"categories":[50],"tags":[30],"class_list":["post-539","post","type-post","status-publish","format-standard","has-post-thumbnail","hentry","category-toutes-les-newsletters","tag-newsletter","entry","has-media"],"_links":{"self":[{"href":"http:\/\/pastorale-scolaire.net\/tournai-secondaire\/wp-json\/wp\/v2\/posts\/539","targetHints":{"allow":["GET"]}}],"collection":[{"href":"http:\/\/pastorale-scolaire.net\/tournai-secondaire\/wp-json\/wp\/v2\/posts"}],"about":[{"href":"http:\/\/pastorale-scolaire.net\/tournai-secondaire\/wp-json\/wp\/v2\/types\/post"}],"author":[{"embeddable":true,"href":"http:\/\/pastorale-scolaire.net\/tournai-secondaire\/wp-json\/wp\/v2\/users\/1"}],"replies":[{"embeddable":true,"href":"http:\/\/pastorale-scolaire.net\/tournai-secondaire\/wp-json\/wp\/v2\/comments?post=539"}],"version-history":[{"count":0,"href":"http:\/\/pastorale-scolaire.net\/tournai-secondaire\/wp-json\/wp\/v2\/posts\/539\/revisions"}],"wp:featuredmedia":[{"embeddable":true,"href":"http:\/\/pastorale-scolaire.net\/tournai-secondaire\/wp-json\/wp\/v2\/media\/196"}],"wp:attachment":[{"href":"http:\/\/pastorale-scolaire.net\/tournai-secondaire\/wp-json\/wp\/v2\/media?parent=539"}],"wp:term":[{"taxonomy":"category","embeddable":true,"href":"http:\/\/pastorale-scolaire.net\/tournai-secondaire\/wp-json\/wp\/v2\/categories?post=539"},{"taxonomy":"post_tag","embeddable":true,"href":"http:\/\/pastorale-scolaire.net\/tournai-secondaire\/wp-json\/wp\/v2\/tags?post=539"}],"curies":[{"name":"wp","href":"https:\/\/api.w.org\/{rel}","templated":true}]}}