{"id":522,"date":"2019-12-02T18:57:50","date_gmt":"2019-12-02T17:57:50","guid":{"rendered":"http:\/\/pastorale-scolaire.net\/tournai-secondaire\/?p=522"},"modified":"2022-06-10T10:49:16","modified_gmt":"2022-06-10T08:49:16","slug":"journee-diocesaine-2019","status":"publish","type":"post","link":"http:\/\/pastorale-scolaire.net\/tournai-secondaire\/journee-diocesaine-2019\/","title":{"rendered":"Journ\u00e9e dioc\u00e9saine 14 novembre 2019"},"content":{"rendered":"\t\t<div data-elementor-type=\"wp-post\" data-elementor-id=\"522\" class=\"elementor elementor-522\">\n\t\t\t\t\t\t\t\t\t<section class=\"elementor-section elementor-top-section elementor-element elementor-element-336a914 elementor-section-boxed elementor-section-height-default elementor-section-height-default\" data-id=\"336a914\" data-element_type=\"section\">\n\t\t\t\t\t\t<div class=\"elementor-container elementor-column-gap-default\">\n\t\t\t\t\t<div class=\"elementor-column elementor-col-100 elementor-top-column elementor-element elementor-element-b4d5c63\" data-id=\"b4d5c63\" data-element_type=\"column\">\n\t\t\t<div class=\"elementor-widget-wrap elementor-element-populated\">\n\t\t\t\t\t\t\t\t<div class=\"elementor-element elementor-element-dddc5ad elementor-widget elementor-widget-heading\" data-id=\"dddc5ad\" data-element_type=\"widget\" data-widget_type=\"heading.default\">\n\t\t\t\t<div class=\"elementor-widget-container\">\n\t\t\t<h2 class=\"elementor-heading-title elementor-size-large\">Ose les chemins de l'int\u00e9riorit\u00e9 - Va vers toi-m\u00eame<\/h2>\t\t<\/div>\n\t\t\t\t<\/div>\n\t\t\t\t\t<\/div>\n\t\t<\/div>\n\t\t\t\t\t\t\t<\/div>\n\t\t<\/section>\n\t\t\t\t<section class=\"elementor-section elementor-top-section elementor-element elementor-element-58aba9d elementor-section-boxed elementor-section-height-default elementor-section-height-default\" data-id=\"58aba9d\" data-element_type=\"section\">\n\t\t\t\t\t\t<div class=\"elementor-container elementor-column-gap-default\">\n\t\t\t\t\t<div class=\"elementor-column elementor-col-100 elementor-top-column elementor-element elementor-element-d2a1521\" data-id=\"d2a1521\" data-element_type=\"column\">\n\t\t\t<div class=\"elementor-widget-wrap elementor-element-populated\">\n\t\t\t\t\t\t\t\t<div class=\"elementor-element elementor-element-846af02 elementor-widget elementor-widget-text-editor\" data-id=\"846af02\" data-element_type=\"widget\" data-widget_type=\"text-editor.default\">\n\t\t\t\t<div class=\"elementor-widget-container\">\n\t\t\t\t\t\t\t<h3><a href=\"http:\/\/pastorale-scolaire.net\/tournai-secondaire\/wp-content\/uploads\/2020\/07\/Affiche-JDAPSS-2019.jpg\"><img loading=\"lazy\" decoding=\"async\" class=\"alignleft wp-image-582 size-medium\" src=\"http:\/\/pastorale-scolaire.net\/tournai-secondaire\/wp-content\/uploads\/2020\/07\/Affiche-JDAPSS-2019-212x300.jpg\" alt=\"\" width=\"212\" height=\"300\" srcset=\"http:\/\/pastorale-scolaire.net\/tournai-secondaire\/wp-content\/uploads\/2020\/07\/Affiche-JDAPSS-2019-212x300.jpg 212w, http:\/\/pastorale-scolaire.net\/tournai-secondaire\/wp-content\/uploads\/2020\/07\/Affiche-JDAPSS-2019-724x1024.jpg 724w, http:\/\/pastorale-scolaire.net\/tournai-secondaire\/wp-content\/uploads\/2020\/07\/Affiche-JDAPSS-2019-768x1086.jpg 768w, http:\/\/pastorale-scolaire.net\/tournai-secondaire\/wp-content\/uploads\/2020\/07\/Affiche-JDAPSS-2019-1086x1536.jpg 1086w, http:\/\/pastorale-scolaire.net\/tournai-secondaire\/wp-content\/uploads\/2020\/07\/Affiche-JDAPSS-2019-1448x2048.jpg 1448w, http:\/\/pastorale-scolaire.net\/tournai-secondaire\/wp-content\/uploads\/2020\/07\/Affiche-JDAPSS-2019.jpg 1654w\" sizes=\"auto, (max-width: 212px) 100vw, 212px\" \/><\/a>Au Coll\u00e8ge Saint-Vincent de Soignies avec Soeur Florence Lasnier<\/h3><div><p class=\"p_justifie\">L\u2019\u00e9veil des \u00e9l\u00e8ves \u00e0 la dimension spirituelle de l\u2019existence, aux richesses qu\u2019ils portent au plus profond d\u2019eux-m\u00eames est un des enjeux de la pastorale scolaire. C\u2019est dans ce but que beaucoup d\u2019\u00e9coles proposent des retraites, des journ\u00e9es de ressourcement ou des activit\u00e9s m\u00e9ditatives permettant la d\u00e9couverte de soi et des autres, par d\u2019autres chemins que la seule rationalit\u00e9 (par exemple, le rapport au corps et le champ affectif et \u00e9motionnel de la personnalit\u00e9).<\/p><p class=\"p_justifie\">Pourquoi cette dimension spirituelle, souvent m\u00e9connue et peu stimul\u00e9e, est-elle essentielle \u00e0 l\u2019existence\u00a0?<\/p><p class=\"p_justifie\">Comment mettre en place de telles propositions ? A quoi faut-il \u00eatre attentifs pour qu\u2019elles soient positives et constructives ?<\/p><\/div>\t\t\t\t\t\t<\/div>\n\t\t\t\t<\/div>\n\t\t\t\t\t<\/div>\n\t\t<\/div>\n\t\t\t\t\t\t\t<\/div>\n\t\t<\/section>\n\t\t\t\t<section class=\"elementor-section elementor-top-section elementor-element elementor-element-866eaf4 elementor-section-boxed elementor-section-height-default elementor-section-height-default\" data-id=\"866eaf4\" data-element_type=\"section\">\n\t\t\t\t\t\t<div class=\"elementor-container elementor-column-gap-default\">\n\t\t\t\t\t<div class=\"elementor-column elementor-col-100 elementor-top-column elementor-element elementor-element-316007f\" data-id=\"316007f\" data-element_type=\"column\">\n\t\t\t<div class=\"elementor-widget-wrap elementor-element-populated\">\n\t\t\t\t\t\t\t\t<div class=\"elementor-element elementor-element-46b8b3e elementor-widget elementor-widget-text-editor\" data-id=\"46b8b3e\" data-element_type=\"widget\" data-widget_type=\"text-editor.default\">\n\t\t\t\t<div class=\"elementor-widget-container\">\n\t\t\t\t\t\t\t<ul id=\"menu_newsletter\"><li><a href=\"https:\/\/photos.app.goo.gl\/eQt2JSKyMXCNXPqbA\" target=\"_blank\" rel=\"noopener\">ALBUM PHOTO DE LA JOURN\u00c9E<\/a><\/li><li><a href=\"http:\/\/pastorale-scolaire.net\/tournai-secondaire\/boite-a-outils-autour-des-retraites-scolaires\/\">\u00a0Documents concernant les RETRAITES SCOLAIRES<\/a><\/li><\/ul>\t\t\t\t\t\t<\/div>\n\t\t\t\t<\/div>\n\t\t\t\t\t<\/div>\n\t\t<\/div>\n\t\t\t\t\t\t\t<\/div>\n\t\t<\/section>\n\t\t\t\t<section class=\"elementor-section elementor-top-section elementor-element elementor-element-f71bea8 elementor-section-boxed elementor-section-height-default elementor-section-height-default\" data-id=\"f71bea8\" data-element_type=\"section\">\n\t\t\t\t\t\t<div class=\"elementor-container elementor-column-gap-default\">\n\t\t\t\t\t<div class=\"elementor-column elementor-col-100 elementor-top-column elementor-element elementor-element-d9982d3\" data-id=\"d9982d3\" data-element_type=\"column\">\n\t\t\t<div class=\"elementor-widget-wrap elementor-element-populated\">\n\t\t\t\t\t\t\t\t<div class=\"elementor-element elementor-element-a8be841 elementor-widget elementor-widget-heading\" data-id=\"a8be841\" data-element_type=\"widget\" data-widget_type=\"heading.default\">\n\t\t\t\t<div class=\"elementor-widget-container\">\n\t\t\t<h3 class=\"elementor-heading-title elementor-size-default\">Compte-rendu de la journ\u00e9e de Mathilde Wattier, enseignante \u00e0 l'Institut Saint-Fran\u00e7ois de Sales (Ath)<\/h3>\t\t<\/div>\n\t\t\t\t<\/div>\n\t\t\t\t\t<\/div>\n\t\t<\/div>\n\t\t\t\t\t\t\t<\/div>\n\t\t<\/section>\n\t\t\t\t<section class=\"elementor-section elementor-top-section elementor-element elementor-element-7b2553d elementor-section-boxed elementor-section-height-default elementor-section-height-default\" data-id=\"7b2553d\" data-element_type=\"section\">\n\t\t\t\t\t\t<div class=\"elementor-container elementor-column-gap-default\">\n\t\t\t\t\t<div class=\"elementor-column elementor-col-100 elementor-top-column elementor-element elementor-element-5a644cf\" data-id=\"5a644cf\" data-element_type=\"column\">\n\t\t\t<div class=\"elementor-widget-wrap elementor-element-populated\">\n\t\t\t\t\t\t\t\t<div class=\"elementor-element elementor-element-f025227 elementor-widget elementor-widget-text-editor\" data-id=\"f025227\" data-element_type=\"widget\" data-widget_type=\"text-editor.default\">\n\t\t\t\t<div class=\"elementor-widget-container\">\n\t\t\t\t\t\t\t<blockquote><div class=\"textLayer\">\u00abOse, redonne \u00e0 ta vie sa vraie valeur\u00bb (Yannick Noah)<\/div><\/blockquote><div class=\"textLayer\">Un matin de novembre pluvieux: <em>\u00ab\u00a0Chez vous, les retraites, c\u2019est obligatoire? Les \u00e9l\u00e8ves peuvent choisir o\u00f9 ils vont? Chez nous, on leur attribue un lieu, certains sont d\u00e9\u00e7us mais ils reviennent tous enchant\u00e9s&#8230;\u00a0\u00bb<\/em><\/div><div>\u00a0<\/div><div class=\"textLayer\">Les enseignants sont souvent en demande d\u2019\u00e9change de pratiques et de bons plans. La matin\u00e9e du 14 novembre dernier organis\u00e9e par le Service de la Pastorale scolaire n\u2019a pas \u00e9chapp\u00e9 \u00e0 cette r\u00e8gle. Dans le tr\u00e8s beau cadre du Coll\u00e8ge Saint-Vincent \u00e0 Soignies, une quarantaine de professeur de religion et\/ou impliqu\u00e9s dans la pastorale de leur \u00e9cole secondaire ont pu nourrir leur \u00e2me de r\u00e9flexions vari\u00e9es. Le th\u00e8me de la journ\u00e9e \u00e9tait \u00ab Oser les chemins de l\u2019int\u00e9riorit\u00e9. Va vers toi-m\u00eame \u00bb, avec la question des retraites en filigrane. En effet, de nombreuses \u00e9coles en organisent en 5e ou 6eann\u00e9e de l\u2019enseignement secondaire. En ces temps o\u00f9 le lien \u00e0 l\u2019\u00c9vangile est parfois t\u00e9nu, le sens donn\u00e9 \u00e0 ces quelques jours \u00ab hors du monde \u00bb interpelle les \u00e9quipes \u00e9ducatives: ce moment est-il absolument n\u00e9cessaire? Ne faut-il pas aussi vivre la pastorale au quotidien, \u00e0 travers de petits gestes? Comment organiser concr\u00e8tement ce projet?<\/div><div>\u00a0<\/div><div class=\"textLayer\">Parmi les lieux de retraite bien connus, il y a le Centre Notre-Dame de la Justice \u00e0 Rhode-Saint-Gen\u00e8se. L\u2019une de ses membres, Sr Florence Lasnier, est venue nous proposer une r\u00e9flexion profonde sur la spiritualit\u00e9, qui est selon elle, la capacit\u00e9 de s\u2019ouvrir \u00e0 ce qui est plus fort que soi. La retraite peut \u00eatre vue comme un instant pour se connecter \u00e0 soi-m\u00eame en se connectant au monde, et \u00e9tablir une relation \u00e0 plus grand que soi. En faisant m\u00e9moire d\u2019une bont\u00e9 fondatrice (Dieu), on peut lire \u00e0 l\u2019int\u00e9rieur (l\u2019intelligence au sens premier du terme), pour faire preuve de volont\u00e9 pour pouvoir agir. La symbolique du signe de croix synth\u00e9tise alors les deux dimensions de la vie humaine: verticalement, on retrouve l\u2019int\u00e9riorit\u00e9, et horizontalement, l\u2019alt\u00e9rit\u00e9. La fraternit\u00e9 se trouve alors au croisement.<\/div><div>\u00a0<\/div><div class=\"textLayer\">Ensuite, nous avons pu entendre plusieurs interventions sur des projet li\u00e9s \u00e0 l\u2019int\u00e9riorit\u00e9 : le bilan de leur retraite par des \u00e9l\u00e8ves du Coll\u00e8ge de Bonne-Esp\u00e9rance \u00e0 Estinnes ; l\u2019action de l\u2019\u00e9quipe de la pastorale du Coll\u00e8ge Notre-Dame de Bon Secours \u00e0 Binche et enfin, la gestion des retraites au Coll\u00e8ge Saint-Stanislas \u00e0 Mons. La derni\u00e8re partie de la matin\u00e9e \u00e9tait enfin l\u2019occasion de participer \u00e0 deux ateliers: pr\u00e9sentation des retraites propos\u00e9es par la Maison dioc\u00e9saine de Bonne-Esp\u00e9rance, et la Communaut\u00e9 des B\u00e9atitudes de Thy-le-Ch\u00e2teau, mais aussi des projets de marches pour retrouver l\u2019essentiel et le contact entre les personnes.<\/div><div>\u00a0<\/div><div class=\"textLayer\">La discussion s\u2019est finalement poursuivie en tout convivialit\u00e9 autour d\u2019un sandwich pr\u00e9par\u00e9 par le coll\u00e8ge. Il est de ces moments o\u00f9 l\u2019on ressort rempli d\u2019ondes positives, avec l\u2019envie et la volont\u00e9 de mener ce genre de projet dans son \u00e9cole !<\/div><div>\u00a0<\/div><div class=\"textLayer\">Merci au Service de la Pastorale scolaire et \u00e0 tous les intervenants pour cette matin\u00e9e intense et vari\u00e9e !<\/div><div>\u00a0<\/div><div class=\"textLayer\"><em>Mathilde Wattier, enseignante et coordinatrice des retraites \u00e0 l\u2019Institut Saint-Fran\u00e7ois de Sales (Ath)<\/em><\/div>\t\t\t\t\t\t<\/div>\n\t\t\t\t<\/div>\n\t\t\t\t\t<\/div>\n\t\t<\/div>\n\t\t\t\t\t\t\t<\/div>\n\t\t<\/section>\n\t\t\t\t\t\t\t<\/div>\n\t\t","protected":false},"excerpt":{"rendered":"<p>Ose les chemins de l&rsquo;int\u00e9riorit\u00e9 &#8211; Va vers toi-m\u00eame Au Coll\u00e8ge Saint-Vincent de Soignies avec Soeur Florence Lasnier L\u2019\u00e9veil des \u00e9l\u00e8ves \u00e0 la dimension spirituelle de l\u2019existence, aux richesses qu\u2019ils portent au plus profond d\u2019eux-m\u00eames est un des enjeux de la pastorale scolaire. C\u2019est dans ce but que beaucoup d\u2019\u00e9coles proposent des retraites, des journ\u00e9es [&hellip;]<\/p>\n","protected":false},"author":1,"featured_media":810,"comment_status":"closed","ping_status":"closed","sticky":false,"template":"","format":"standard","meta":{"ocean_post_layout":"","ocean_both_sidebars_style":"","ocean_both_sidebars_content_width":0,"ocean_both_sidebars_sidebars_width":0,"ocean_sidebar":"0","ocean_second_sidebar":"0","ocean_disable_margins":"enable","ocean_add_body_class":"","ocean_shortcode_before_top_bar":"","ocean_shortcode_after_top_bar":"","ocean_shortcode_before_header":"","ocean_shortcode_after_header":"","ocean_has_shortcode":"","ocean_shortcode_after_title":"","ocean_shortcode_before_footer_widgets":"","ocean_shortcode_after_footer_widgets":"","ocean_shortcode_before_footer_bottom":"","ocean_shortcode_after_footer_bottom":"","ocean_display_top_bar":"default","ocean_display_header":"default","ocean_header_style":"","ocean_center_header_left_menu":"0","ocean_custom_header_template":"0","ocean_custom_logo":0,"ocean_custom_retina_logo":0,"ocean_custom_logo_max_width":0,"ocean_custom_logo_tablet_max_width":0,"ocean_custom_logo_mobile_max_width":0,"ocean_custom_logo_max_height":0,"ocean_custom_logo_tablet_max_height":0,"ocean_custom_logo_mobile_max_height":0,"ocean_header_custom_menu":"0","ocean_menu_typo_font_family":"0","ocean_menu_typo_font_subset":"","ocean_menu_typo_font_size":0,"ocean_menu_typo_font_size_tablet":0,"ocean_menu_typo_font_size_mobile":0,"ocean_menu_typo_font_size_unit":"px","ocean_menu_typo_font_weight":"","ocean_menu_typo_font_weight_tablet":"","ocean_menu_typo_font_weight_mobile":"","ocean_menu_typo_transform":"","ocean_menu_typo_transform_tablet":"","ocean_menu_typo_transform_mobile":"","ocean_menu_typo_line_height":0,"ocean_menu_typo_line_height_tablet":0,"ocean_menu_typo_line_height_mobile":0,"ocean_menu_typo_line_height_unit":"","ocean_menu_typo_spacing":0,"ocean_menu_typo_spacing_tablet":0,"ocean_menu_typo_spacing_mobile":0,"ocean_menu_typo_spacing_unit":"","ocean_menu_link_color":"","ocean_menu_link_color_hover":"","ocean_menu_link_color_active":"","ocean_menu_link_background":"","ocean_menu_link_hover_background":"","ocean_menu_link_active_background":"","ocean_menu_social_links_bg":"","ocean_menu_social_hover_links_bg":"","ocean_menu_social_links_color":"","ocean_menu_social_hover_links_color":"","ocean_disable_title":"default","ocean_disable_heading":"default","ocean_post_title":"","ocean_post_subheading":"","ocean_post_title_style":"","ocean_post_title_background_color":"","ocean_post_title_background":0,"ocean_post_title_bg_image_position":"","ocean_post_title_bg_image_attachment":"","ocean_post_title_bg_image_repeat":"","ocean_post_title_bg_image_size":"","ocean_post_title_height":0,"ocean_post_title_bg_overlay":0.5,"ocean_post_title_bg_overlay_color":"","ocean_disable_breadcrumbs":"default","ocean_breadcrumbs_color":"","ocean_breadcrumbs_separator_color":"","ocean_breadcrumbs_links_color":"","ocean_breadcrumbs_links_hover_color":"","ocean_display_footer_widgets":"default","ocean_display_footer_bottom":"default","ocean_custom_footer_template":"0","ocean_post_oembed":"","ocean_post_self_hosted_media":"","ocean_post_video_embed":"","ocean_link_format":"","ocean_link_format_target":"self","ocean_quote_format":"","ocean_quote_format_link":"post","ocean_gallery_link_images":"off","ocean_gallery_id":[],"footnotes":""},"categories":[28],"tags":[59,56,60],"class_list":["post-522","post","type-post","status-publish","format-standard","has-post-thumbnail","hentry","category-traces-des-journees-diocesaines","tag-interiorite","tag-retraites-scolaires","tag-sr-francoise-lasnier","entry","has-media"],"_links":{"self":[{"href":"http:\/\/pastorale-scolaire.net\/tournai-secondaire\/wp-json\/wp\/v2\/posts\/522","targetHints":{"allow":["GET"]}}],"collection":[{"href":"http:\/\/pastorale-scolaire.net\/tournai-secondaire\/wp-json\/wp\/v2\/posts"}],"about":[{"href":"http:\/\/pastorale-scolaire.net\/tournai-secondaire\/wp-json\/wp\/v2\/types\/post"}],"author":[{"embeddable":true,"href":"http:\/\/pastorale-scolaire.net\/tournai-secondaire\/wp-json\/wp\/v2\/users\/1"}],"replies":[{"embeddable":true,"href":"http:\/\/pastorale-scolaire.net\/tournai-secondaire\/wp-json\/wp\/v2\/comments?post=522"}],"version-history":[{"count":2,"href":"http:\/\/pastorale-scolaire.net\/tournai-secondaire\/wp-json\/wp\/v2\/posts\/522\/revisions"}],"predecessor-version":[{"id":2741,"href":"http:\/\/pastorale-scolaire.net\/tournai-secondaire\/wp-json\/wp\/v2\/posts\/522\/revisions\/2741"}],"wp:featuredmedia":[{"embeddable":true,"href":"http:\/\/pastorale-scolaire.net\/tournai-secondaire\/wp-json\/wp\/v2\/media\/810"}],"wp:attachment":[{"href":"http:\/\/pastorale-scolaire.net\/tournai-secondaire\/wp-json\/wp\/v2\/media?parent=522"}],"wp:term":[{"taxonomy":"category","embeddable":true,"href":"http:\/\/pastorale-scolaire.net\/tournai-secondaire\/wp-json\/wp\/v2\/categories?post=522"},{"taxonomy":"post_tag","embeddable":true,"href":"http:\/\/pastorale-scolaire.net\/tournai-secondaire\/wp-json\/wp\/v2\/tags?post=522"}],"curies":[{"name":"wp","href":"https:\/\/api.w.org\/{rel}","templated":true}]}}