{"id":222,"date":"2019-06-05T15:38:27","date_gmt":"2019-06-05T13:38:27","guid":{"rendered":"http:\/\/pastorale-scolaire.net\/tournai-secondaire\/?p=222"},"modified":"2020-09-17T14:17:52","modified_gmt":"2020-09-17T12:17:52","slug":"actualite-1-peter-tabichi","status":"publish","type":"post","link":"http:\/\/pastorale-scolaire.net\/tournai-secondaire\/actualite-1-peter-tabichi\/","title":{"rendered":"Peter Tabichi &#8211; Elu meilleur enseignant"},"content":{"rendered":"\t\t<div data-elementor-type=\"wp-post\" data-elementor-id=\"222\" class=\"elementor elementor-222\">\n\t\t\t\t\t\t\t\t\t<section class=\"elementor-section elementor-top-section elementor-element elementor-element-79063185 elementor-section-boxed elementor-section-height-default elementor-section-height-default\" data-id=\"79063185\" data-element_type=\"section\">\n\t\t\t\t\t\t<div class=\"elementor-container elementor-column-gap-default\">\n\t\t\t\t\t<div class=\"elementor-column elementor-col-100 elementor-top-column elementor-element elementor-element-7bb4499f\" data-id=\"7bb4499f\" data-element_type=\"column\">\n\t\t\t<div class=\"elementor-widget-wrap elementor-element-populated\">\n\t\t\t\t\t\t\t\t<div class=\"elementor-element elementor-element-79b6cb8 elementor-widget elementor-widget-text-editor\" data-id=\"79b6cb8\" data-element_type=\"widget\" data-widget_type=\"text-editor.default\">\n\t\t\t\t<div class=\"elementor-widget-container\">\n\t\t\t\t\t\t\t<h2>Un professeur mis \u00e0 l\u2019honneur\u2026 \u00e7a doit se savoir\u00a0!<\/h2><p><img loading=\"lazy\" decoding=\"async\" class=\"size-full wp-image-225 alignright\" src=\"http:\/\/pastorale-scolaire.net\/tournai-secondaire\/wp-content\/uploads\/2019\/09\/PeterTabichiPrix.jpg\" alt=\"Peter Tabichi re\u00e7oit son prix\" width=\"300\" height=\"168\" \/>Peter Tabichi se souviendra toujours du dimanche 24 mars 2019 \u00e0 Duba\u00ef. C\u2019est en effet ce jour-l\u00e0 dans la capitale des \u00c9mirats arabes unis que ce professeur k\u00e9nyan de math\u00e9matiques et de physique est entr\u00e9 dans l\u2019histoire comme le tout le premier Africain, de surcroit fr\u00e8re franciscain, \u00e0 d\u00e9crocher le Prix mondial de l\u2019enseignant 2019 de la Fondation Varkey.<\/p><p>Cette distinction est d\u00e9cern\u00e9e chaque ann\u00e9e par la Fondation Varkey pour valoriser ce m\u00e9tier tr\u00e8s souvent rel\u00e9gu\u00e9 au second plan dans certains pays. Et Pierre Tabichi m\u00e9ritait de remporter cette cinqui\u00e8me \u00e9dition du \u00ab Global Teacher Prize \u00bb, tant il avait pris le dessus sur les dix finalistes choisis parmi les cinquante pr\u00e9s\u00e9lectionn\u00e9s. Ces derniers ont \u00e9t\u00e9 s\u00e9lectionn\u00e9s parmi les 10 000 candidatures venues de 179 pays.<\/p><p>\u00c2g\u00e9 de 36 ans, Peter Tabichi enseigne \u00e0 l&rsquo;\u00e9cole secondaire de Keriko dans le village de Pwani, dans une partie recul\u00e9e de la vall\u00e9e du Rift au Kenya. L&rsquo;enseignant travaillait, auparavant, dans une institution mieux \u00e9quip\u00e9e et ultra-moderne. Un confort qu&rsquo;il a quitt\u00e9 pour se rapprocher des plus d\u00e9munis.<\/p><p>Les conditions d&rsquo;apprentissage sont difficiles. Les salles de classe sont peu \u00e9quip\u00e9es, avec un seul ordinateur pour toute l&rsquo;\u00e9cole\u00a0; la connexion internet est tr\u00e8s mauvaise, et il n&rsquo;y a en moyenne qu&rsquo;un professeur pour 58 \u00e9l\u00e8ves. Plus de 90\u00a0% de ses \u00e9l\u00e8ves sont issus de familles pauvres et pr\u00e8s du tiers sont orphelins ou ont un seul parent. La toxicomanie, les grossesses et l&rsquo;abandon scolaire pr\u00e9coce, les mariages forc\u00e9s sont courants dans cette r\u00e9gion.<\/p><p>Les \u00e9l\u00e8ves doivent parcourir 7 kilom\u00e8tres sur des routes qui peuvent devenir impraticables pendant la saison des pluies pour se rendre \u00e0 l&rsquo;\u00e9cole et la r\u00e9gion peut \u00eatre touch\u00e9e par la s\u00e9cheresse et la famine.<\/p><h3>Une forte capacit\u00e9 de mobilisation face aux nombreux d\u00e9fis<\/h3><p>Face \u00e0 cette situation, Peter Tabichi d\u00e9cide d&rsquo;agir. Il lance un club de d\u00e9veloppement de talents pour aider les \u00e9l\u00e8ves \u00e0 concevoir des projets de recherche d\u2019une telle qualit\u00e9 que 60\u00a0% d\u2019entre eux sont maintenant admissibles aux concours nationaux. Plusieurs de ses \u00e9tudiants ont m\u00eame particip\u00e9 \u00e0 des comp\u00e9titions scientifiques internationales et l&rsquo;un d&rsquo;eux a remport\u00e9 un prix de la Royal Society of Chemistry apr\u00e8s avoir con\u00e7u un projet autour des plantes locales pour produire de l&rsquo;\u00e9lectricit\u00e9.<\/p><p>Il prend sur son temps libre pour donner des cours particuliers de maths et de sciences, le soir et le week-end. Il utilise le plus possible les technologies de l&rsquo;information et de la communication pour int\u00e9resser les \u00e9l\u00e8ves. \u00ab\u00a0Pour \u00eatre un bon professeur, vous devez \u00eatre cr\u00e9atif, utiliser la technologie\u00a0\u00bb, r\u00e9sume-t-il. \u00ab\u00a0Il faut vraiment promouvoir ces fa\u00e7ons modernes d&rsquo;enseigner. Il faut parler moins et agir plus.\u00a0\u00bb<\/p><p>Et cela fonctionne. Dans son \u00e9cole, les cas d&rsquo;indiscipline passent de 30 \u00e0 trois par semaine. En 2017, seuls 16 \u00e9l\u00e8ves sur 59 \u00e9taient all\u00e9s au coll\u00e8ge. En 2018, ils \u00e9taient 26. R\u00e9sultat\u00a0: le nombre d&rsquo;inscriptions \u00e0 l&rsquo;\u00e9cole a doubl\u00e9, passant \u00e0 400 en trois ans, et les r\u00e9sultats des filles en particulier ont \u00e9t\u00e9 renforc\u00e9s. \u00ab\u00a0L&rsquo;Afrique produira des scientifiques, des ing\u00e9nieurs, des entrepreneurs dont les noms seront un jour c\u00e9l\u00e8bres dans le monde entier. Et les filles joueront un r\u00f4le important dans cette histoire\u00a0\u00bb, a d\u00e9clar\u00e9 le professeur kenyan en recevant son prix. \u00ab\u00a0Je pense que la science et la technologie peuvent jouer un r\u00f4le de premier plan pour lib\u00e9rer le potentiel de l&rsquo;Afrique.\u00a0\u00bb<\/p><p>L&rsquo;enseignant fait aussi son possible pour venir en aide aux familles de ses \u00e9l\u00e8ves. Il consacre 80\u00a0% de son salaire mensuel \u00e0 aider les plus d\u00e9favoris\u00e9s\u00a0: financer des projets locaux, d\u00e9velopper de nouvelles formes d&rsquo;agriculture pour lutter contre la famine, animer un \u00ab\u00a0club de paix\u00a0\u00bb pour aider les enfants de communaut\u00e9s rivales \u00e0 s&rsquo;entendre.<\/p>\t\t\t\t\t\t<\/div>\n\t\t\t\t<\/div>\n\t\t\t\t\t<\/div>\n\t\t<\/div>\n\t\t\t\t\t\t\t<\/div>\n\t\t<\/section>\n\t\t\t\t<section class=\"elementor-section elementor-top-section elementor-element elementor-element-44c0e53 elementor-section-boxed elementor-section-height-default elementor-section-height-default\" data-id=\"44c0e53\" data-element_type=\"section\">\n\t\t\t\t\t\t<div class=\"elementor-container elementor-column-gap-default\">\n\t\t\t\t\t<div class=\"elementor-column elementor-col-100 elementor-top-column elementor-element elementor-element-3c5cfbd\" data-id=\"3c5cfbd\" data-element_type=\"column\">\n\t\t\t<div class=\"elementor-widget-wrap elementor-element-populated\">\n\t\t\t\t\t\t\t\t<div class=\"elementor-element elementor-element-dd2bdb5 elementor-widget elementor-widget-text-editor\" data-id=\"dd2bdb5\" data-element_type=\"widget\" data-widget_type=\"text-editor.default\">\n\t\t\t\t<div class=\"elementor-widget-container\">\n\t\t\t\t\t\t\t<h3>Le prix d\u00e9di\u00e9 aux \u00e9l\u00e8ves<\/h3><p><img loading=\"lazy\" decoding=\"async\" class=\"alignleft wp-image-224 size-medium\" src=\"http:\/\/pastorale-scolaire.net\/tournai-secondaire\/wp-content\/uploads\/2019\/09\/PeterTabichiEleve-300x142.jpg\" alt=\"Peter Tabichi avec un \u00e9l\u00e8ve\" width=\"300\" height=\"142\" srcset=\"http:\/\/pastorale-scolaire.net\/tournai-secondaire\/wp-content\/uploads\/2019\/09\/PeterTabichiEleve-300x142.jpg 300w, http:\/\/pastorale-scolaire.net\/tournai-secondaire\/wp-content\/uploads\/2019\/09\/PeterTabichiEleve.jpg 653w\" sizes=\"auto, (max-width: 300px) 100vw, 300px\" \/>Le laur\u00e9at a d\u00e9di\u00e9 son sacre \u00e0 ses \u00e9l\u00e8ves. \u00ab\u00a0Cela ne signifie peut-\u00eatre pas grand-chose pour moi, mais pour mes \u00e9l\u00e8ves et les gens avec qui je travaille, je suis tr\u00e8s s\u00fbr que cela va transformer leur vie en fonction des d\u00e9fis qui se posent \u00e0 eux et \u00e0 la soci\u00e9t\u00e9 en g\u00e9n\u00e9rale. L\u2019\u00e9ducation est importante et tout le monde doit y avoir acc\u00e8s. Je suis ici uniquement gr\u00e2ce \u00e0 ce qu&rsquo;ont accompli mes \u00e9l\u00e8ves\u00a0\u00bb, a-t-il d\u00e9clar\u00e9 en recevant son prix. \u00ab\u00a0Ce prix leur donne une chance. Il dit au monde qu&rsquo;ils peuvent tout faire.\u00a0\u00bb<\/p><p>Une abn\u00e9gation qui lui a valu les \u00e9loges du pr\u00e9sident k\u00e9nyan. \u00ab\u00a0Tabichi est un brillant exemple de ce que l\u2019esprit humain peut accomplir. Pas seulement pour le Kenya, pas seulement pour l\u2019Afrique, mais pour le monde entier. Vous me donnez la foi que les meilleurs jours de l\u2019Afrique sont devant nous et que votre histoire \u00e9clairera le chemin pour toutes les g\u00e9n\u00e9rations futures\u00a0\u00bb, a d\u00e9clar\u00e9 Uhuru Kenyatta.<\/p><p>Dans un contexte o\u00f9 l\u2019enseignement est r\u00e9put\u00e9 \u00eatre l\u2019un des m\u00e9tiers les plus ingrats, ce t\u00e9moignage pet \u00eatre une source d\u2019inspiration pour chacun de nous. \u00ab\u00a0J\u2019esp\u00e8re que l\u2019histoire de Peter encouragera les autres \u00e0 int\u00e9grer la profession d\u2019enseignant et mettra en lumi\u00e8re le travail r\u00e9ellement inspirant que les enseignants r\u00e9alisent pour rendre l\u2019avenir plus brillant qu\u2019aujourd\u2019hui\u00a0\u00bb, a d\u00e9clar\u00e9 Sunny Varkey, fondateur de la Fondation Varkey.<\/p><h3>Sources<\/h3><p><a href=\"https:\/\/www.lepoint.fr\/monde\/le-kenyan-peter-tabichi-sacre-meilleur-enseignant-du-monde-24-03-2019-2303524_24.php#\" target=\"_blank\" rel=\"noopener noreferrer\">Le Point<\/a> &#8211;\u00a0<a href=\"https:\/\/www.levif.be\/actualite\/international\/peter-tabichi-sacre-meilleur-enseignant-du-monde\/article-normal-1111357.html?cookie_check=1557817906\" target=\"_blank\" rel=\"noopener noreferrer\">Le Vif<\/a> &#8211;\u00a0<a href=\"https:\/\/www.france24.com\/fr\/20190325-meilleur-enseignant-monde-kenyan-peter-tabichi\" target=\"_blank\" rel=\"noopener noreferrer\" class=\"broken_link\">France 24<\/a> &#8211;\u00a0<a href=\"https:\/\/www.rtl.fr\/actu\/international\/un-professeur-de-maths-kenyan-sacre-meilleur-enseignant-du-monde-7797287609\" target=\"_blank\" rel=\"noopener noreferrer\" class=\"broken_link\">RTL France<\/a><\/p>\t\t\t\t\t\t<\/div>\n\t\t\t\t<\/div>\n\t\t\t\t\t<\/div>\n\t\t<\/div>\n\t\t\t\t\t\t\t<\/div>\n\t\t<\/section>\n\t\t\t\t\t\t\t<\/div>\n\t\t","protected":false},"excerpt":{"rendered":"<p>Un professeur mis \u00e0 l\u2019honneur\u2026 \u00e7a doit se savoir\u00a0! Peter Tabichi se souviendra toujours du dimanche 24 mars 2019 \u00e0 Duba\u00ef. C\u2019est en effet ce jour-l\u00e0 dans la capitale des \u00c9mirats arabes unis que ce professeur k\u00e9nyan de math\u00e9matiques et de physique est entr\u00e9 dans l\u2019histoire comme le tout le premier Africain, de surcroit fr\u00e8re [&hellip;]<\/p>\n","protected":false},"author":1,"featured_media":225,"comment_status":"open","ping_status":"open","sticky":false,"template":"","format":"standard","meta":{"ocean_post_layout":"","ocean_both_sidebars_style":"","ocean_both_sidebars_content_width":0,"ocean_both_sidebars_sidebars_width":0,"ocean_sidebar":"0","ocean_second_sidebar":"0","ocean_disable_margins":"enable","ocean_add_body_class":"","ocean_shortcode_before_top_bar":"","ocean_shortcode_after_top_bar":"","ocean_shortcode_before_header":"","ocean_shortcode_after_header":"","ocean_has_shortcode":"","ocean_shortcode_after_title":"","ocean_shortcode_before_footer_widgets":"","ocean_shortcode_after_footer_widgets":"","ocean_shortcode_before_footer_bottom":"","ocean_shortcode_after_footer_bottom":"","ocean_display_top_bar":"default","ocean_display_header":"default","ocean_header_style":"","ocean_center_header_left_menu":"0","ocean_custom_header_template":"0","ocean_custom_logo":0,"ocean_custom_retina_logo":0,"ocean_custom_logo_max_width":0,"ocean_custom_logo_tablet_max_width":0,"ocean_custom_logo_mobile_max_width":0,"ocean_custom_logo_max_height":0,"ocean_custom_logo_tablet_max_height":0,"ocean_custom_logo_mobile_max_height":0,"ocean_header_custom_menu":"0","ocean_menu_typo_font_family":"0","ocean_menu_typo_font_subset":"","ocean_menu_typo_font_size":0,"ocean_menu_typo_font_size_tablet":0,"ocean_menu_typo_font_size_mobile":0,"ocean_menu_typo_font_size_unit":"px","ocean_menu_typo_font_weight":"","ocean_menu_typo_font_weight_tablet":"","ocean_menu_typo_font_weight_mobile":"","ocean_menu_typo_transform":"","ocean_menu_typo_transform_tablet":"","ocean_menu_typo_transform_mobile":"","ocean_menu_typo_line_height":0,"ocean_menu_typo_line_height_tablet":0,"ocean_menu_typo_line_height_mobile":0,"ocean_menu_typo_line_height_unit":"","ocean_menu_typo_spacing":0,"ocean_menu_typo_spacing_tablet":0,"ocean_menu_typo_spacing_mobile":0,"ocean_menu_typo_spacing_unit":"","ocean_menu_link_color":"","ocean_menu_link_color_hover":"","ocean_menu_link_color_active":"","ocean_menu_link_background":"","ocean_menu_link_hover_background":"","ocean_menu_link_active_background":"","ocean_menu_social_links_bg":"","ocean_menu_social_hover_links_bg":"","ocean_menu_social_links_color":"","ocean_menu_social_hover_links_color":"","ocean_disable_title":"default","ocean_disable_heading":"default","ocean_post_title":"","ocean_post_subheading":"","ocean_post_title_style":"","ocean_post_title_background_color":"","ocean_post_title_background":0,"ocean_post_title_bg_image_position":"","ocean_post_title_bg_image_attachment":"","ocean_post_title_bg_image_repeat":"","ocean_post_title_bg_image_size":"","ocean_post_title_height":0,"ocean_post_title_bg_overlay":0.5,"ocean_post_title_bg_overlay_color":"","ocean_disable_breadcrumbs":"default","ocean_breadcrumbs_color":"","ocean_breadcrumbs_separator_color":"","ocean_breadcrumbs_links_color":"","ocean_breadcrumbs_links_hover_color":"","ocean_display_footer_widgets":"default","ocean_display_footer_bottom":"default","ocean_custom_footer_template":"0","ocean_post_oembed":"","ocean_post_self_hosted_media":"","ocean_post_video_embed":"","ocean_link_format":"","ocean_link_format_target":"self","ocean_quote_format":"","ocean_quote_format_link":"post","ocean_gallery_link_images":"off","ocean_gallery_id":[],"footnotes":""},"categories":[19],"tags":[66,65],"class_list":["post-222","post","type-post","status-publish","format-standard","has-post-thumbnail","hentry","category-actualite","tag-enseignement","tag-peter-tabichi","entry","has-media"],"_links":{"self":[{"href":"http:\/\/pastorale-scolaire.net\/tournai-secondaire\/wp-json\/wp\/v2\/posts\/222","targetHints":{"allow":["GET"]}}],"collection":[{"href":"http:\/\/pastorale-scolaire.net\/tournai-secondaire\/wp-json\/wp\/v2\/posts"}],"about":[{"href":"http:\/\/pastorale-scolaire.net\/tournai-secondaire\/wp-json\/wp\/v2\/types\/post"}],"author":[{"embeddable":true,"href":"http:\/\/pastorale-scolaire.net\/tournai-secondaire\/wp-json\/wp\/v2\/users\/1"}],"replies":[{"embeddable":true,"href":"http:\/\/pastorale-scolaire.net\/tournai-secondaire\/wp-json\/wp\/v2\/comments?post=222"}],"version-history":[{"count":0,"href":"http:\/\/pastorale-scolaire.net\/tournai-secondaire\/wp-json\/wp\/v2\/posts\/222\/revisions"}],"wp:featuredmedia":[{"embeddable":true,"href":"http:\/\/pastorale-scolaire.net\/tournai-secondaire\/wp-json\/wp\/v2\/media\/225"}],"wp:attachment":[{"href":"http:\/\/pastorale-scolaire.net\/tournai-secondaire\/wp-json\/wp\/v2\/media?parent=222"}],"wp:term":[{"taxonomy":"category","embeddable":true,"href":"http:\/\/pastorale-scolaire.net\/tournai-secondaire\/wp-json\/wp\/v2\/categories?post=222"},{"taxonomy":"post_tag","embeddable":true,"href":"http:\/\/pastorale-scolaire.net\/tournai-secondaire\/wp-json\/wp\/v2\/tags?post=222"}],"curies":[{"name":"wp","href":"https:\/\/api.w.org\/{rel}","templated":true}]}}