{"id":2187,"date":"2022-03-30T14:29:17","date_gmt":"2022-03-30T12:29:17","guid":{"rendered":"http:\/\/pastorale-scolaire.net\/tournai-secondaire\/?p=2187"},"modified":"2022-06-10T10:02:32","modified_gmt":"2022-06-10T08:02:32","slug":"rencontre-de-pastorale-scolaire-pour-lenseignement-specialise","status":"publish","type":"post","link":"http:\/\/pastorale-scolaire.net\/tournai-secondaire\/rencontre-de-pastorale-scolaire-pour-lenseignement-specialise\/","title":{"rendered":"Rencontre de pastorale scolaire pour l&rsquo;enseignement sp\u00e9cialis\u00e9 du 28 mars 2022"},"content":{"rendered":"\t\t<div data-elementor-type=\"wp-post\" data-elementor-id=\"2187\" class=\"elementor elementor-2187\">\n\t\t\t\t\t\t\t\t\t<section class=\"elementor-section elementor-top-section elementor-element elementor-element-323f5f9 elementor-section-boxed elementor-section-height-default elementor-section-height-default\" data-id=\"323f5f9\" data-element_type=\"section\">\n\t\t\t\t\t\t<div class=\"elementor-container elementor-column-gap-default\">\n\t\t\t\t\t<div class=\"elementor-column elementor-col-100 elementor-top-column elementor-element elementor-element-85a6c14\" data-id=\"85a6c14\" data-element_type=\"column\">\n\t\t\t<div class=\"elementor-widget-wrap elementor-element-populated\">\n\t\t\t\t\t\t\t\t<div class=\"elementor-element elementor-element-50e59fc elementor-widget elementor-widget-text-editor\" data-id=\"50e59fc\" data-element_type=\"widget\" data-widget_type=\"text-editor.default\">\n\t\t\t\t<div class=\"elementor-widget-container\">\n\t\t\t\t\t\t\t<strong>Le lundi 28 mars 2022, de 9h30 \u00e0 12h \u00e0\u00a0l\u2019Institut Notre-Dame sp\u00e9cialis\u00e9 de Philippeville\n<a href=\"https:\/\/www.google.be\/maps\/place\/Institut+Notre-Dame+Secondaire+Sp\u00e9cialis\u00e9\/@50.1962874,4.5432003,17z\/data=!3m1!4b1!4m5!3m4!1s0x47c1f5c9eca9d1bf:0x9a9b05edd4ef1a93!8m2!3d50.1962824!4d4.5453977?hl=fr\">Rue des R\u00e9collets, 1, 5600 Philippeville<\/a><\/strong>\n\n<img loading=\"lazy\" decoding=\"async\" class=\"alignleft wp-image-2230 size-thumbnail\" src=\"http:\/\/pastorale-scolaire.net\/tournai-secondaire\/wp-content\/uploads\/2020\/10\/Eleves-150x150.jpg\" alt=\"\" width=\"150\" height=\"150\" \/>L\u2019objectif de la rencontre est d\u2019\u00e9changer sur nos r\u00e9ussites pastorales et nos difficult\u00e9s \u00e9ventuelles, de partager nos questionnements et d\u2019envisager l\u2019int\u00e9r\u00eat d\u2019un projet commun \u00e0 mettre en \u0153uvre.\n\nParmi les souhaits exprim\u00e9s par celles et ceux qui sont d\u00e9j\u00e0 inscrits, vous relevons particuli\u00e8rement<nbsp>:\n<ul>\n \t<li>Comment faire du cours de religion l&rsquo;affaire de tous au sein de l&rsquo;\u00e9cole ? Je me souviens d&rsquo;une \u00e9cole qui travaillait les valeurs chr\u00e9tiennes 1 fois par mois sous forme d&rsquo;ateliers auxquels devaient s&rsquo;inscrire les \u00e9l\u00e8ves &#8230;<\/li>\n \t<li>Poursuivre le partage des exp\u00e9riences positives v\u00e9cues en \u00e9cole, d\u00e9couvrir nos diff\u00e9rents lieux de vie, imaginer des d\u00e9marches invitant nos \u00e9l\u00e8ves et nos coll\u00e8gues \u00e0 approfondir le sens de l\u2019humain qui fait le c\u0153ur du projet \u00e9ducatif chr\u00e9tien.<\/li>\n<\/ul>\nNous comptons par ailleurs vous pr\u00e9senter une animation originale : \u00ab Toc, toc, qui frappe \u00e0 la porte ? \u00bb, ainsi que l\u2019une ou l\u2019autre suggestion d\u2019activit\u00e9.\t\t\t\t\t\t<\/div>\n\t\t\t\t<\/div>\n\t\t\t\t\t<\/div>\n\t\t<\/div>\n\t\t\t\t\t\t\t<\/div>\n\t\t<\/section>\n\t\t\t\t\t\t\t<\/div>\n\t\t","protected":false},"excerpt":{"rendered":"<p>Le lundi 28 mars 2022, de 9h30 \u00e0 12h \u00e0\u00a0l\u2019Institut Notre-Dame sp\u00e9cialis\u00e9 de Philippeville Rue des R\u00e9collets, 1, 5600 Philippeville L\u2019objectif de la rencontre est d\u2019\u00e9changer sur nos r\u00e9ussites pastorales et nos difficult\u00e9s \u00e9ventuelles, de partager nos questionnements et d\u2019envisager l\u2019int\u00e9r\u00eat d\u2019un projet commun \u00e0 mettre en \u0153uvre. Parmi les souhaits exprim\u00e9s par celles et [&hellip;]<\/p>\n","protected":false},"author":1,"featured_media":2230,"comment_status":"closed","ping_status":"closed","sticky":false,"template":"","format":"standard","meta":{"ocean_post_layout":"","ocean_both_sidebars_style":"","ocean_both_sidebars_content_width":0,"ocean_both_sidebars_sidebars_width":0,"ocean_sidebar":"0","ocean_second_sidebar":"0","ocean_disable_margins":"enable","ocean_add_body_class":"","ocean_shortcode_before_top_bar":"","ocean_shortcode_after_top_bar":"","ocean_shortcode_before_header":"","ocean_shortcode_after_header":"","ocean_has_shortcode":"","ocean_shortcode_after_title":"","ocean_shortcode_before_footer_widgets":"","ocean_shortcode_after_footer_widgets":"","ocean_shortcode_before_footer_bottom":"","ocean_shortcode_after_footer_bottom":"","ocean_display_top_bar":"default","ocean_display_header":"default","ocean_header_style":"","ocean_center_header_left_menu":"0","ocean_custom_header_template":"0","ocean_custom_logo":0,"ocean_custom_retina_logo":0,"ocean_custom_logo_max_width":0,"ocean_custom_logo_tablet_max_width":0,"ocean_custom_logo_mobile_max_width":0,"ocean_custom_logo_max_height":0,"ocean_custom_logo_tablet_max_height":0,"ocean_custom_logo_mobile_max_height":0,"ocean_header_custom_menu":"0","ocean_menu_typo_font_family":"0","ocean_menu_typo_font_subset":"","ocean_menu_typo_font_size":0,"ocean_menu_typo_font_size_tablet":0,"ocean_menu_typo_font_size_mobile":0,"ocean_menu_typo_font_size_unit":"px","ocean_menu_typo_font_weight":"","ocean_menu_typo_font_weight_tablet":"","ocean_menu_typo_font_weight_mobile":"","ocean_menu_typo_transform":"","ocean_menu_typo_transform_tablet":"","ocean_menu_typo_transform_mobile":"","ocean_menu_typo_line_height":0,"ocean_menu_typo_line_height_tablet":0,"ocean_menu_typo_line_height_mobile":0,"ocean_menu_typo_line_height_unit":"","ocean_menu_typo_spacing":0,"ocean_menu_typo_spacing_tablet":0,"ocean_menu_typo_spacing_mobile":0,"ocean_menu_typo_spacing_unit":"","ocean_menu_link_color":"","ocean_menu_link_color_hover":"","ocean_menu_link_color_active":"","ocean_menu_link_background":"","ocean_menu_link_hover_background":"","ocean_menu_link_active_background":"","ocean_menu_social_links_bg":"","ocean_menu_social_hover_links_bg":"","ocean_menu_social_links_color":"","ocean_menu_social_hover_links_color":"","ocean_disable_title":"default","ocean_disable_heading":"default","ocean_post_title":"","ocean_post_subheading":"","ocean_post_title_style":"","ocean_post_title_background_color":"","ocean_post_title_background":0,"ocean_post_title_bg_image_position":"","ocean_post_title_bg_image_attachment":"","ocean_post_title_bg_image_repeat":"","ocean_post_title_bg_image_size":"","ocean_post_title_height":0,"ocean_post_title_bg_overlay":0.5,"ocean_post_title_bg_overlay_color":"","ocean_disable_breadcrumbs":"default","ocean_breadcrumbs_color":"","ocean_breadcrumbs_separator_color":"","ocean_breadcrumbs_links_color":"","ocean_breadcrumbs_links_hover_color":"","ocean_display_footer_widgets":"default","ocean_display_footer_bottom":"default","ocean_custom_footer_template":"0","ocean_post_oembed":"","ocean_post_self_hosted_media":"","ocean_post_video_embed":"","ocean_link_format":"","ocean_link_format_target":"self","ocean_quote_format":"","ocean_quote_format_link":"post","ocean_gallery_link_images":"off","ocean_gallery_id":[],"footnotes":""},"categories":[28],"tags":[],"class_list":["post-2187","post","type-post","status-publish","format-standard","has-post-thumbnail","hentry","category-traces-des-journees-diocesaines","entry","has-media"],"_links":{"self":[{"href":"http:\/\/pastorale-scolaire.net\/tournai-secondaire\/wp-json\/wp\/v2\/posts\/2187","targetHints":{"allow":["GET"]}}],"collection":[{"href":"http:\/\/pastorale-scolaire.net\/tournai-secondaire\/wp-json\/wp\/v2\/posts"}],"about":[{"href":"http:\/\/pastorale-scolaire.net\/tournai-secondaire\/wp-json\/wp\/v2\/types\/post"}],"author":[{"embeddable":true,"href":"http:\/\/pastorale-scolaire.net\/tournai-secondaire\/wp-json\/wp\/v2\/users\/1"}],"replies":[{"embeddable":true,"href":"http:\/\/pastorale-scolaire.net\/tournai-secondaire\/wp-json\/wp\/v2\/comments?post=2187"}],"version-history":[{"count":36,"href":"http:\/\/pastorale-scolaire.net\/tournai-secondaire\/wp-json\/wp\/v2\/posts\/2187\/revisions"}],"predecessor-version":[{"id":2720,"href":"http:\/\/pastorale-scolaire.net\/tournai-secondaire\/wp-json\/wp\/v2\/posts\/2187\/revisions\/2720"}],"wp:featuredmedia":[{"embeddable":true,"href":"http:\/\/pastorale-scolaire.net\/tournai-secondaire\/wp-json\/wp\/v2\/media\/2230"}],"wp:attachment":[{"href":"http:\/\/pastorale-scolaire.net\/tournai-secondaire\/wp-json\/wp\/v2\/media?parent=2187"}],"wp:term":[{"taxonomy":"category","embeddable":true,"href":"http:\/\/pastorale-scolaire.net\/tournai-secondaire\/wp-json\/wp\/v2\/categories?post=2187"},{"taxonomy":"post_tag","embeddable":true,"href":"http:\/\/pastorale-scolaire.net\/tournai-secondaire\/wp-json\/wp\/v2\/tags?post=2187"}],"curies":[{"name":"wp","href":"https:\/\/api.w.org\/{rel}","templated":true}]}}