{"id":1714,"date":"2020-12-04T18:25:23","date_gmt":"2020-12-04T17:25:23","guid":{"rendered":"http:\/\/pastorale-scolaire.net\/tournai-secondaire\/?p=1714"},"modified":"2021-08-02T09:25:04","modified_gmt":"2021-08-02T07:25:04","slug":"newsletter-juin-2020-2","status":"publish","type":"post","link":"http:\/\/pastorale-scolaire.net\/tournai-secondaire\/newsletter-juin-2020-2\/","title":{"rendered":"Newsletter D\u00e9cembre 2020"},"content":{"rendered":"\t\t<div data-elementor-type=\"wp-post\" data-elementor-id=\"1714\" class=\"elementor elementor-1714\">\n\t\t\t\t\t\t\t\t\t<section class=\"elementor-section elementor-top-section elementor-element elementor-element-740d9ec elementor-section-boxed elementor-section-height-default elementor-section-height-default\" data-id=\"740d9ec\" data-element_type=\"section\">\n\t\t\t\t\t\t<div class=\"elementor-container elementor-column-gap-default\">\n\t\t\t\t\t<div class=\"elementor-column elementor-col-100 elementor-top-column elementor-element elementor-element-bd70622\" data-id=\"bd70622\" data-element_type=\"column\">\n\t\t\t<div class=\"elementor-widget-wrap elementor-element-populated\">\n\t\t\t\t\t\t\t\t<div class=\"elementor-element elementor-element-aeab0d7 elementor-widget elementor-widget-heading\" data-id=\"aeab0d7\" data-element_type=\"widget\" data-widget_type=\"heading.default\">\n\t\t\t\t<div class=\"elementor-widget-container\">\n\t\t\t<h4 class=\"elementor-heading-title elementor-size-large\">Newsletter propos\u00e9e aux ecoles<\/h4>\t\t<\/div>\n\t\t\t\t<\/div>\n\t\t\t\t\t<\/div>\n\t\t<\/div>\n\t\t\t\t\t\t\t<\/div>\n\t\t<\/section>\n\t\t\t\t<section class=\"elementor-section elementor-top-section elementor-element elementor-element-9ae10c9 elementor-section-boxed elementor-section-height-default elementor-section-height-default\" data-id=\"9ae10c9\" data-element_type=\"section\">\n\t\t\t\t\t\t<div class=\"elementor-container elementor-column-gap-default\">\n\t\t\t\t\t<div class=\"elementor-column elementor-col-100 elementor-top-column elementor-element elementor-element-86a1117\" data-id=\"86a1117\" data-element_type=\"column\">\n\t\t\t<div class=\"elementor-widget-wrap elementor-element-populated\">\n\t\t\t\t\t\t\t\t<div class=\"elementor-element elementor-element-b3828ac elementor-widget elementor-widget-heading\" data-id=\"b3828ac\" data-element_type=\"widget\" data-widget_type=\"heading.default\">\n\t\t\t\t<div class=\"elementor-widget-container\">\n\t\t\t<h4 class=\"elementor-heading-title elementor-size-default\">par le Service Pastoral des Jeunes\net l\u2019Equipe d\u2019Animation pour la Pastorale Scolaire du Secondaire\ndans le dioc\u00e8se de Tournai<\/h4>\t\t<\/div>\n\t\t\t\t<\/div>\n\t\t\t\t\t<\/div>\n\t\t<\/div>\n\t\t\t\t\t\t\t<\/div>\n\t\t<\/section>\n\t\t\t\t<section class=\"elementor-section elementor-top-section elementor-element elementor-element-3df1c56 elementor-section-boxed elementor-section-height-default elementor-section-height-default\" data-id=\"3df1c56\" data-element_type=\"section\">\n\t\t\t\t\t\t<div class=\"elementor-container elementor-column-gap-default\">\n\t\t\t\t\t<div class=\"elementor-column elementor-col-100 elementor-top-column elementor-element elementor-element-14f3455\" data-id=\"14f3455\" data-element_type=\"column\">\n\t\t\t<div class=\"elementor-widget-wrap elementor-element-populated\">\n\t\t\t\t\t\t\t\t<div class=\"elementor-element elementor-element-12207d9 elementor-widget elementor-widget-text-editor\" data-id=\"12207d9\" data-element_type=\"widget\" data-widget_type=\"text-editor.default\">\n\t\t\t\t<div class=\"elementor-widget-container\">\n\t\t\t\t\t\t\t<p><strong>Chers amis de la Pastorale Scolaire,<\/strong><\/p><p>Dans notre derni\u00e8re newsletter, en juin dernier, nous vous avions entre autres partag\u00e9 des outils pour relire l&rsquo;exp\u00e9rience du confinement avec vos \u00e9l\u00e8ves. \u00c0 ce moment-l\u00e0, m\u00eame si le bruit courait d\u00e9j\u00e0, nous ne nous doutions pas que, quelques mois plus tard, nos vies allaient \u00eatre \u00e0 nouveau chamboul\u00e9es par un second confinement.<\/p><p>C&rsquo;est donc une nouvelle fois confin\u00e9s et dans l&rsquo;attente de perspectives plus agr\u00e9ables que nous vous retrouvons pour cette \u00e9dition de notre newsletter propos\u00e9e aux \u00e9coles.<\/p><p>Lorsque nous nous sommes concert\u00e9s pour en construire le squelette, il nous est apparu \u00e9vident que nous n&rsquo;avions pas envie d&rsquo;y \u00ab\u00a0blablater\u00a0\u00bb inutilement. En effet, nous sommes conscients que plusieurs d&rsquo;entre nous se sentent d\u00e9j\u00e0 bien \u00e9tourdis par le flot d&rsquo;informations quasi constant qu&rsquo;ils voient d\u00e9filer sur leurs t\u00e9l\u00e9phones et autres gadgets \u00e0 \u00e9crans&#8230;<\/p><p>Dans cette \u00e9dition, notre intention est avant tout de vous manifester notre pr\u00e9sence au c\u0153ur de ce que tout cela peut vous faire vivre \u00e0 vous, \u00e0 vos proches et \u00e0 vos \u00e9l\u00e8ves. \u00c0 notre mesure, nous tenions \u00e0 vous manifester tout notre soutien et ce d&rsquo;une mani\u00e8re concr\u00e8te.<\/p><p>Vous trouverez donc ici de quoi porter un autre regard sur l&rsquo;actualit\u00e9, des pistes concr\u00e8tes pour vous adapter et surtout de quoi vous inspirer&#8230;<\/p><p>Nous tenons aussi \u00e0 vous dire que nos \u00e9quipes restent \u00e0 votre disposition en cas de besoin&#8230;<\/p><p>De tout c\u0153ur, et m\u00eame si cette ann\u00e9e nos habitudes risquent d&rsquo;\u00eatre bouscul\u00e9es, nous vous souhaitons un joyeux et paisible temps des f\u00eates. Qu&rsquo;il soit l&rsquo;occasion pour vous de (re)d\u00e9couvrir la flamme qui, m\u00eame au c\u0153ur des t\u00e9n\u00e8bres les plus \u00e9paisses, ne s&rsquo;\u00e9teint jamais, la gr\u00e2ce au c\u0153ur de l&rsquo;absurde, la confiance au c\u0153ur du chaos.<\/p><p>Prenez soin de vous&#8230;<\/p><p>L&rsquo;\u00e9quipe de la pastorale Scolaire,Bernard et Kristina<br \/>L&rsquo;\u00e9quipe de\u00a0<em>Rise Up Tournai<\/em>, Bertrand et Nyoni<\/p><p>PS : Nous restons \u00e0 votre disposition pour r\u00e9fl\u00e9chir et porter avec vous la pastorale scolaire au sein de votre \u00e9cole. Vous pouvez nous \u00e9crire aux adresses suivantes :<br \/>* <a href=\"mailto:bernard.ghislain@segec.be\">Bernard Ghislain<\/a> (pour la pastorale scolaire)<br \/>* <a href=\"mailto:jeunes@evechetournai.be\">Pastorale des jeunes<\/a> (pour la pastorale des jeunes et de l&rsquo;accompagnement du sens)<\/p><h3>Lien vers la <a class=\"sans_\" href=\"https:\/\/mailchi.mp\/58be8cd7fd72\/par-le-service-pastoral-des-jeunes-etlquipe-danimation-pour-la-pastorale-scolaire-du-secondaire-6466190?e=f15b492bbf\" target=\"_blank\" rel=\"noopener\">Newsletter compl\u00e8te<\/a><\/h3>\t\t\t\t\t\t<\/div>\n\t\t\t\t<\/div>\n\t\t\t\t\t<\/div>\n\t\t<\/div>\n\t\t\t\t\t\t\t<\/div>\n\t\t<\/section>\n\t\t\t\t<section class=\"elementor-section elementor-top-section elementor-element elementor-element-581d469 elementor-section-boxed elementor-section-height-default elementor-section-height-default\" data-id=\"581d469\" data-element_type=\"section\">\n\t\t\t\t\t\t<div class=\"elementor-container elementor-column-gap-default\">\n\t\t\t\t\t<div class=\"elementor-column elementor-col-33 elementor-top-column elementor-element elementor-element-b0a7288\" data-id=\"b0a7288\" data-element_type=\"column\">\n\t\t\t<div class=\"elementor-widget-wrap elementor-element-populated\">\n\t\t\t\t\t\t\t\t<div class=\"elementor-element elementor-element-52feada elementor-align-center elementor-widget elementor-widget-button\" data-id=\"52feada\" data-element_type=\"widget\" data-widget_type=\"button.default\">\n\t\t\t\t<div class=\"elementor-widget-container\">\n\t\t\t\t\t<div class=\"elementor-button-wrapper\">\n\t\t\t<a class=\"elementor-button elementor-button-link elementor-size-sm\" href=\"http:\/\/pastorale-scolaire.net\/tournai-secondaire\/professeur-un-metier-bousculant\/\" target=\"_blank\">\n\t\t\t\t\t\t<span class=\"elementor-button-content-wrapper\">\n\t\t\t\t\t\t<span class=\"elementor-button-text\">Actualit\u00e9<\/span>\n\t\t<\/span>\n\t\t\t\t\t<\/a>\n\t\t<\/div>\n\t\t\t\t<\/div>\n\t\t\t\t<\/div>\n\t\t\t\t<div class=\"elementor-element elementor-element-dda726b elementor-position-top elementor-widget elementor-widget-image-box\" data-id=\"dda726b\" data-element_type=\"widget\" data-widget_type=\"image-box.default\">\n\t\t\t\t<div class=\"elementor-widget-container\">\n\t\t\t<div class=\"elementor-image-box-wrapper\"><figure class=\"elementor-image-box-img\"><a href=\"http:\/\/pastorale-scolaire.net\/tournai-secondaire\/professeur-un-metier-bousculant\/\" target=\"_blank\" tabindex=\"-1\"><img loading=\"lazy\" decoding=\"async\" width=\"2560\" height=\"1706\" src=\"http:\/\/pastorale-scolaire.net\/tournai-secondaire\/wp-content\/uploads\/2020\/10\/HommageSamuelPaty-scaled.jpg\" class=\"attachment-full size-full wp-image-1575\" alt=\"\" srcset=\"http:\/\/pastorale-scolaire.net\/tournai-secondaire\/wp-content\/uploads\/2020\/10\/HommageSamuelPaty-scaled.jpg 2560w, http:\/\/pastorale-scolaire.net\/tournai-secondaire\/wp-content\/uploads\/2020\/10\/HommageSamuelPaty-300x200.jpg 300w, http:\/\/pastorale-scolaire.net\/tournai-secondaire\/wp-content\/uploads\/2020\/10\/HommageSamuelPaty-1024x682.jpg 1024w, http:\/\/pastorale-scolaire.net\/tournai-secondaire\/wp-content\/uploads\/2020\/10\/HommageSamuelPaty-768x512.jpg 768w, http:\/\/pastorale-scolaire.net\/tournai-secondaire\/wp-content\/uploads\/2020\/10\/HommageSamuelPaty-1536x1024.jpg 1536w, http:\/\/pastorale-scolaire.net\/tournai-secondaire\/wp-content\/uploads\/2020\/10\/HommageSamuelPaty-2048x1365.jpg 2048w\" sizes=\"auto, (max-width: 2560px) 100vw, 2560px\" \/><\/a><\/figure><div class=\"elementor-image-box-content\"><h3 class=\"elementor-image-box-title\"><a href=\"http:\/\/pastorale-scolaire.net\/tournai-secondaire\/professeur-un-metier-bousculant\/\" target=\"_blank\">Plus qu'un m\u00e9tier...<\/a><\/h3><p class=\"elementor-image-box-description\">L'actualit\u00e9 entourant le d\u00e9c\u00e8s de Samuel Paty nous rappelle, une fois encore, que le m\u00e9tier de professeur est un v\u00e9ritable engagement... <\/p><\/div><\/div>\t\t<\/div>\n\t\t\t\t<\/div>\n\t\t\t\t\t<\/div>\n\t\t<\/div>\n\t\t\t\t<div class=\"elementor-column elementor-col-33 elementor-top-column elementor-element elementor-element-4b1f374\" data-id=\"4b1f374\" data-element_type=\"column\">\n\t\t\t<div class=\"elementor-widget-wrap elementor-element-populated\">\n\t\t\t\t\t\t\t\t<div class=\"elementor-element elementor-element-ecb01df elementor-align-center elementor-widget elementor-widget-button\" data-id=\"ecb01df\" data-element_type=\"widget\" data-widget_type=\"button.default\">\n\t\t\t\t<div class=\"elementor-widget-container\">\n\t\t\t\t\t<div class=\"elementor-button-wrapper\">\n\t\t\t<a class=\"elementor-button elementor-button-link elementor-size-sm\" href=\"http:\/\/pastorale-scolaire.net\/tournai-secondaire\/en-vue-dun-noel-particulier\/\" target=\"_blank\">\n\t\t\t\t\t\t<span class=\"elementor-button-content-wrapper\">\n\t\t\t\t\t\t<span class=\"elementor-button-text\">Actualit\u00e9<\/span>\n\t\t<\/span>\n\t\t\t\t\t<\/a>\n\t\t<\/div>\n\t\t\t\t<\/div>\n\t\t\t\t<\/div>\n\t\t\t\t<div class=\"elementor-element elementor-element-d65c1bf elementor-position-top elementor-widget elementor-widget-image-box\" data-id=\"d65c1bf\" data-element_type=\"widget\" data-widget_type=\"image-box.default\">\n\t\t\t\t<div class=\"elementor-widget-container\">\n\t\t\t<div class=\"elementor-image-box-wrapper\"><figure class=\"elementor-image-box-img\"><a href=\"http:\/\/pastorale-scolaire.net\/tournai-secondaire\/en-vue-dun-noel-particulier\/\" target=\"_blank\" tabindex=\"-1\"><img loading=\"lazy\" decoding=\"async\" width=\"1920\" height=\"1280\" src=\"http:\/\/pastorale-scolaire.net\/tournai-secondaire\/wp-content\/uploads\/2020\/10\/christmas-1911637_1920.jpg\" class=\"attachment-full size-full wp-image-1723\" alt=\"\" srcset=\"http:\/\/pastorale-scolaire.net\/tournai-secondaire\/wp-content\/uploads\/2020\/10\/christmas-1911637_1920.jpg 1920w, http:\/\/pastorale-scolaire.net\/tournai-secondaire\/wp-content\/uploads\/2020\/10\/christmas-1911637_1920-300x200.jpg 300w, http:\/\/pastorale-scolaire.net\/tournai-secondaire\/wp-content\/uploads\/2020\/10\/christmas-1911637_1920-1024x683.jpg 1024w, http:\/\/pastorale-scolaire.net\/tournai-secondaire\/wp-content\/uploads\/2020\/10\/christmas-1911637_1920-768x512.jpg 768w, http:\/\/pastorale-scolaire.net\/tournai-secondaire\/wp-content\/uploads\/2020\/10\/christmas-1911637_1920-1536x1024.jpg 1536w\" sizes=\"auto, (max-width: 1920px) 100vw, 1920px\" \/><\/a><\/figure><div class=\"elementor-image-box-content\"><h3 class=\"elementor-image-box-title\"><a href=\"http:\/\/pastorale-scolaire.net\/tournai-secondaire\/en-vue-dun-noel-particulier\/\" target=\"_blank\">Un No\u00ebl particulier<\/a><\/h3><p class=\"elementor-image-box-description\">Et si c'\u00e9tait l'occasion de red\u00e9couvrir le sens profond de No\u00ebl ?<\/p><\/div><\/div>\t\t<\/div>\n\t\t\t\t<\/div>\n\t\t\t\t\t<\/div>\n\t\t<\/div>\n\t\t\t\t<div class=\"elementor-column elementor-col-33 elementor-top-column elementor-element elementor-element-79732f0\" data-id=\"79732f0\" data-element_type=\"column\">\n\t\t\t<div class=\"elementor-widget-wrap elementor-element-populated\">\n\t\t\t\t\t\t\t\t<div class=\"elementor-element elementor-element-1df5532 elementor-align-center elementor-widget elementor-widget-button\" data-id=\"1df5532\" data-element_type=\"widget\" data-widget_type=\"button.default\">\n\t\t\t\t<div class=\"elementor-widget-container\">\n\t\t\t\t\t<div class=\"elementor-button-wrapper\">\n\t\t\t<a class=\"elementor-button elementor-button-link elementor-size-sm\" href=\"#\" target=\"_blank\">\n\t\t\t\t\t\t<span class=\"elementor-button-content-wrapper\">\n\t\t\t\t\t\t<span class=\"elementor-button-text\">Rendez-Vous<\/span>\n\t\t<\/span>\n\t\t\t\t\t<\/a>\n\t\t<\/div>\n\t\t\t\t<\/div>\n\t\t\t\t<\/div>\n\t\t\t\t<div class=\"elementor-element elementor-element-690be79 elementor-widget elementor-widget-image\" data-id=\"690be79\" data-element_type=\"widget\" data-widget_type=\"image.default\">\n\t\t\t\t<div class=\"elementor-widget-container\">\n\t\t\t\t\t\t\t\t\t\t\t\t\t\t\t<img loading=\"lazy\" decoding=\"async\" width=\"950\" height=\"600\" src=\"http:\/\/pastorale-scolaire.net\/tournai-secondaire\/wp-content\/uploads\/2020\/10\/agenda.jpg\" class=\"attachment-large size-large wp-image-1724\" alt=\"\" srcset=\"http:\/\/pastorale-scolaire.net\/tournai-secondaire\/wp-content\/uploads\/2020\/10\/agenda.jpg 950w, http:\/\/pastorale-scolaire.net\/tournai-secondaire\/wp-content\/uploads\/2020\/10\/agenda-300x189.jpg 300w, http:\/\/pastorale-scolaire.net\/tournai-secondaire\/wp-content\/uploads\/2020\/10\/agenda-768x485.jpg 768w\" sizes=\"auto, (max-width: 950px) 100vw, 950px\" \/>\t\t\t\t\t\t\t\t\t\t\t\t\t\t\t<\/div>\n\t\t\t\t<\/div>\n\t\t\t\t<div class=\"elementor-element elementor-element-9f87534 elementor-align-center elementor-widget elementor-widget-button\" data-id=\"9f87534\" data-element_type=\"widget\" data-widget_type=\"button.default\">\n\t\t\t\t<div class=\"elementor-widget-container\">\n\t\t\t\t\t<div class=\"elementor-button-wrapper\">\n\t\t\t<a class=\"elementor-button elementor-button-link elementor-size-md\" href=\"http:\/\/pastorale-scolaire.net\/tournai-secondaire\/journee-de-ressourcement\/\">\n\t\t\t\t\t\t<span class=\"elementor-button-content-wrapper\">\n\t\t\t\t\t\t<span class=\"elementor-button-text\">Une journ\u00e9e pour se ressourcer<\/span>\n\t\t<\/span>\n\t\t\t\t\t<\/a>\n\t\t<\/div>\n\t\t\t\t<\/div>\n\t\t\t\t<\/div>\n\t\t\t\t\t<\/div>\n\t\t<\/div>\n\t\t\t\t\t\t\t<\/div>\n\t\t<\/section>\n\t\t\t\t<section class=\"elementor-section elementor-top-section elementor-element elementor-element-b702979 elementor-section-boxed elementor-section-height-default elementor-section-height-default\" data-id=\"b702979\" data-element_type=\"section\">\n\t\t\t\t\t\t<div class=\"elementor-container elementor-column-gap-default\">\n\t\t\t\t\t<div class=\"elementor-column elementor-col-33 elementor-top-column elementor-element elementor-element-7f57db1\" data-id=\"7f57db1\" data-element_type=\"column\">\n\t\t\t<div class=\"elementor-widget-wrap elementor-element-populated\">\n\t\t\t\t\t\t\t\t<div class=\"elementor-element elementor-element-ae50d4c elementor-align-center elementor-widget elementor-widget-button\" data-id=\"ae50d4c\" data-element_type=\"widget\" data-widget_type=\"button.default\">\n\t\t\t\t<div class=\"elementor-widget-container\">\n\t\t\t\t\t<div class=\"elementor-button-wrapper\">\n\t\t\t<a class=\"elementor-button elementor-button-link elementor-size-sm\" href=\"http:\/\/pastorale-scolaire.net\/tournai-secondaire\/carlo-acutis\/\" target=\"_blank\">\n\t\t\t\t\t\t<span class=\"elementor-button-content-wrapper\">\n\t\t\t\t\t\t<span class=\"elementor-button-text\">T\u00e9moin<\/span>\n\t\t<\/span>\n\t\t\t\t\t<\/a>\n\t\t<\/div>\n\t\t\t\t<\/div>\n\t\t\t\t<\/div>\n\t\t\t\t<div class=\"elementor-element elementor-element-afc776f elementor-position-top elementor-widget elementor-widget-image-box\" data-id=\"afc776f\" data-element_type=\"widget\" data-widget_type=\"image-box.default\">\n\t\t\t\t<div class=\"elementor-widget-container\">\n\t\t\t<div class=\"elementor-image-box-wrapper\"><figure class=\"elementor-image-box-img\"><a href=\"http:\/\/pastorale-scolaire.net\/tournai-secondaire\/carlo-acutis\/\" target=\"_blank\" tabindex=\"-1\"><img loading=\"lazy\" decoding=\"async\" width=\"874\" height=\"656\" src=\"http:\/\/pastorale-scolaire.net\/tournai-secondaire\/wp-content\/uploads\/2020\/10\/bienheureux-carlo-acutis.jpg\" class=\"attachment-full size-full wp-image-1305\" alt=\"\" srcset=\"http:\/\/pastorale-scolaire.net\/tournai-secondaire\/wp-content\/uploads\/2020\/10\/bienheureux-carlo-acutis.jpg 874w, http:\/\/pastorale-scolaire.net\/tournai-secondaire\/wp-content\/uploads\/2020\/10\/bienheureux-carlo-acutis-300x225.jpg 300w, http:\/\/pastorale-scolaire.net\/tournai-secondaire\/wp-content\/uploads\/2020\/10\/bienheureux-carlo-acutis-768x576.jpg 768w\" sizes=\"auto, (max-width: 874px) 100vw, 874px\" \/><\/a><\/figure><div class=\"elementor-image-box-content\"><h3 class=\"elementor-image-box-title\"><a href=\"http:\/\/pastorale-scolaire.net\/tournai-secondaire\/carlo-acutis\/\" target=\"_blank\">Un \"cyber-ap\u00f4tre\"<\/a><\/h3><p class=\"elementor-image-box-description\">Il \u00e9tait surnomm\u00e9 le \"cyber-ap\u00f4tre\" ou encore le \"geek de J\u00e9sus\"... Carlo Acutis est d\u00e9c\u00e9d\u00e9 \u00e0 l'\u00e2ge de 15 ans d'une leuc\u00e9mie foudroyante. Il a \u00e9t\u00e9 b\u00e9atifi\u00e9 le 10 octobre 2020, \u00e0 Assise... <\/p><\/div><\/div>\t\t<\/div>\n\t\t\t\t<\/div>\n\t\t\t\t\t<\/div>\n\t\t<\/div>\n\t\t\t\t<div class=\"elementor-column elementor-col-33 elementor-top-column elementor-element elementor-element-cd15959\" data-id=\"cd15959\" data-element_type=\"column\">\n\t\t\t<div class=\"elementor-widget-wrap elementor-element-populated\">\n\t\t\t\t\t\t\t\t<div class=\"elementor-element elementor-element-93cd49e elementor-align-center elementor-widget elementor-widget-button\" data-id=\"93cd49e\" data-element_type=\"widget\" data-widget_type=\"button.default\">\n\t\t\t\t<div class=\"elementor-widget-container\">\n\t\t\t\t\t<div class=\"elementor-button-wrapper\">\n\t\t\t<a class=\"elementor-button elementor-button-link elementor-size-sm\" href=\"#\" target=\"_blank\">\n\t\t\t\t\t\t<span class=\"elementor-button-content-wrapper\">\n\t\t\t\t\t\t<span class=\"elementor-button-text\">T\u00e9moins<\/span>\n\t\t<\/span>\n\t\t\t\t\t<\/a>\n\t\t<\/div>\n\t\t\t\t<\/div>\n\t\t\t\t<\/div>\n\t\t\t\t<div class=\"elementor-element elementor-element-e3240c2 elementor-widget elementor-widget-text-editor\" data-id=\"e3240c2\" data-element_type=\"widget\" data-widget_type=\"text-editor.default\">\n\t\t\t\t<div class=\"elementor-widget-container\">\n\t\t\t\t\t\t\t<div><a href=\"https:\/\/www.youtube.com\/watch?v=MF_adD-tjec&amp;t=1s\" target=\"_blank\" rel=\"noopener\"><strong>L&rsquo;interview de Pierre-Guillaume<\/strong><\/a><\/div><p>D\u00e9couvrez Pierre-Guillaume, un jeune homme joyeux et inspirant. \u00c0 travers cette vid\u00e9o, il vous partage ses joies, ses craintes, ses r\u00eaves&#8230; et bien plus encore !<\/p>\t\t\t\t\t\t<\/div>\n\t\t\t\t<\/div>\n\t\t\t\t<div class=\"elementor-element elementor-element-2970403 elementor-widget elementor-widget-text-editor\" data-id=\"2970403\" data-element_type=\"widget\" data-widget_type=\"text-editor.default\">\n\t\t\t\t<div class=\"elementor-widget-container\">\n\t\t\t\t\t\t\t<p><a href=\"https:\/\/clicktime.symantec.com\/3PdaCMb9YZVBqzrCKZppPn96H2?u=https%3A%2F%2Fjeunescathos-tournai.us16.list-manage.com%2Ftrack%2Fclick%3Fu%3Dd24d0f26d7fa2183ee3a57639%26id%3D428ec9fab7%26e%3Df15b492bbf\" target=\"_blank\" rel=\"noopener\"><strong>Ecouter une interview inspirante<\/strong><\/a><br \/>Christian Bobin, l&rsquo;esprit de No\u00ebl<\/p>\t\t\t\t\t\t<\/div>\n\t\t\t\t<\/div>\n\t\t\t\t\t<\/div>\n\t\t<\/div>\n\t\t\t\t<div class=\"elementor-column elementor-col-33 elementor-top-column elementor-element elementor-element-f9e2d61\" data-id=\"f9e2d61\" data-element_type=\"column\">\n\t\t\t<div class=\"elementor-widget-wrap elementor-element-populated\">\n\t\t\t\t\t\t\t\t<div class=\"elementor-element elementor-element-369f675 elementor-align-center elementor-widget elementor-widget-button\" data-id=\"369f675\" data-element_type=\"widget\" data-widget_type=\"button.default\">\n\t\t\t\t<div class=\"elementor-widget-container\">\n\t\t\t\t\t<div class=\"elementor-button-wrapper\">\n\t\t\t<a class=\"elementor-button elementor-button-link elementor-size-sm\" href=\"https:\/\/church4you.be\/tournai\/news\/a-lattention-des-ecoles\/?fbclid=IwAR0sfZwayzWUXQ71I5RmTbjbGXJJD5RmLweMc9us-FkObV3vGN-9gzViY8k\" target=\"_blank\">\n\t\t\t\t\t\t<span class=\"elementor-button-content-wrapper\">\n\t\t\t\t\t\t<span class=\"elementor-button-text\">Retraites pour les \u00e9coles<\/span>\n\t\t<\/span>\n\t\t\t\t\t<\/a>\n\t\t<\/div>\n\t\t\t\t<\/div>\n\t\t\t\t<\/div>\n\t\t\t\t<div class=\"elementor-element elementor-element-0c0e3ec elementor-position-top elementor-widget elementor-widget-image-box\" data-id=\"0c0e3ec\" data-element_type=\"widget\" data-widget_type=\"image-box.default\">\n\t\t\t\t<div class=\"elementor-widget-container\">\n\t\t\t<div class=\"elementor-image-box-wrapper\"><figure class=\"elementor-image-box-img\"><a href=\"https:\/\/church4you.be\/tournai\/news\/a-lattention-des-ecoles\/?fbclid=IwAR0sfZwayzWUXQ71I5RmTbjbGXJJD5RmLweMc9us-FkObV3vGN-9gzViY8k\" tabindex=\"-1\"><img loading=\"lazy\" decoding=\"async\" width=\"500\" height=\"375\" src=\"http:\/\/pastorale-scolaire.net\/tournai-secondaire\/wp-content\/uploads\/2019\/12\/vignette_oratorium.jpg\" class=\"attachment-full size-full wp-image-1182\" alt=\"\" srcset=\"http:\/\/pastorale-scolaire.net\/tournai-secondaire\/wp-content\/uploads\/2019\/12\/vignette_oratorium.jpg 500w, http:\/\/pastorale-scolaire.net\/tournai-secondaire\/wp-content\/uploads\/2019\/12\/vignette_oratorium-300x225.jpg 300w\" sizes=\"auto, (max-width: 500px) 100vw, 500px\" \/><\/a><\/figure><div class=\"elementor-image-box-content\"><p class=\"elementor-image-box-description\">Vos \u00e9l\u00e8ves ne peuvent pas aller en retraite cette ann\u00e9e ? Alors c'est la retraite qui viendra \u00e0 vous ! <\/p><\/div><\/div>\t\t<\/div>\n\t\t\t\t<\/div>\n\t\t\t\t\t<\/div>\n\t\t<\/div>\n\t\t\t\t\t\t\t<\/div>\n\t\t<\/section>\n\t\t\t\t\t\t\t<\/div>\n\t\t","protected":false},"excerpt":{"rendered":"<p>Newsletter propos\u00e9e aux ecoles par le Service Pastoral des Jeunes et l\u2019Equipe d\u2019Animation pour la Pastorale Scolaire du Secondaire dans le dioc\u00e8se de Tournai Chers amis de la Pastorale Scolaire, Dans notre derni\u00e8re newsletter, en juin dernier, nous vous avions entre autres partag\u00e9 des outils pour relire l&rsquo;exp\u00e9rience du confinement avec vos \u00e9l\u00e8ves. \u00c0 ce [&hellip;]<\/p>\n","protected":false},"author":1,"featured_media":196,"comment_status":"closed","ping_status":"closed","sticky":false,"template":"","format":"standard","meta":{"ocean_post_layout":"","ocean_both_sidebars_style":"","ocean_both_sidebars_content_width":0,"ocean_both_sidebars_sidebars_width":0,"ocean_sidebar":"0","ocean_second_sidebar":"0","ocean_disable_margins":"enable","ocean_add_body_class":"","ocean_shortcode_before_top_bar":"","ocean_shortcode_after_top_bar":"","ocean_shortcode_before_header":"","ocean_shortcode_after_header":"","ocean_has_shortcode":"","ocean_shortcode_after_title":"","ocean_shortcode_before_footer_widgets":"","ocean_shortcode_after_footer_widgets":"","ocean_shortcode_before_footer_bottom":"","ocean_shortcode_after_footer_bottom":"","ocean_display_top_bar":"default","ocean_display_header":"default","ocean_header_style":"","ocean_center_header_left_menu":"0","ocean_custom_header_template":"0","ocean_custom_logo":0,"ocean_custom_retina_logo":0,"ocean_custom_logo_max_width":0,"ocean_custom_logo_tablet_max_width":0,"ocean_custom_logo_mobile_max_width":0,"ocean_custom_logo_max_height":0,"ocean_custom_logo_tablet_max_height":0,"ocean_custom_logo_mobile_max_height":0,"ocean_header_custom_menu":"0","ocean_menu_typo_font_family":"0","ocean_menu_typo_font_subset":"","ocean_menu_typo_font_size":0,"ocean_menu_typo_font_size_tablet":0,"ocean_menu_typo_font_size_mobile":0,"ocean_menu_typo_font_size_unit":"px","ocean_menu_typo_font_weight":"","ocean_menu_typo_font_weight_tablet":"","ocean_menu_typo_font_weight_mobile":"","ocean_menu_typo_transform":"","ocean_menu_typo_transform_tablet":"","ocean_menu_typo_transform_mobile":"","ocean_menu_typo_line_height":0,"ocean_menu_typo_line_height_tablet":0,"ocean_menu_typo_line_height_mobile":0,"ocean_menu_typo_line_height_unit":"","ocean_menu_typo_spacing":0,"ocean_menu_typo_spacing_tablet":0,"ocean_menu_typo_spacing_mobile":0,"ocean_menu_typo_spacing_unit":"","ocean_menu_link_color":"","ocean_menu_link_color_hover":"","ocean_menu_link_color_active":"","ocean_menu_link_background":"","ocean_menu_link_hover_background":"","ocean_menu_link_active_background":"","ocean_menu_social_links_bg":"","ocean_menu_social_hover_links_bg":"","ocean_menu_social_links_color":"","ocean_menu_social_hover_links_color":"","ocean_disable_title":"default","ocean_disable_heading":"default","ocean_post_title":"","ocean_post_subheading":"","ocean_post_title_style":"","ocean_post_title_background_color":"","ocean_post_title_background":0,"ocean_post_title_bg_image_position":"","ocean_post_title_bg_image_attachment":"","ocean_post_title_bg_image_repeat":"","ocean_post_title_bg_image_size":"","ocean_post_title_height":0,"ocean_post_title_bg_overlay":0.5,"ocean_post_title_bg_overlay_color":"","ocean_disable_breadcrumbs":"default","ocean_breadcrumbs_color":"","ocean_breadcrumbs_separator_color":"","ocean_breadcrumbs_links_color":"","ocean_breadcrumbs_links_hover_color":"","ocean_display_footer_widgets":"default","ocean_display_footer_bottom":"default","ocean_custom_footer_template":"0","ocean_post_oembed":"","ocean_post_self_hosted_media":"","ocean_post_video_embed":"","ocean_link_format":"","ocean_link_format_target":"self","ocean_quote_format":"","ocean_quote_format_link":"post","ocean_gallery_link_images":"off","ocean_gallery_id":[],"footnotes":""},"categories":[50],"tags":[30],"class_list":["post-1714","post","type-post","status-publish","format-standard","has-post-thumbnail","hentry","category-toutes-les-newsletters","tag-newsletter","entry","has-media"],"_links":{"self":[{"href":"http:\/\/pastorale-scolaire.net\/tournai-secondaire\/wp-json\/wp\/v2\/posts\/1714","targetHints":{"allow":["GET"]}}],"collection":[{"href":"http:\/\/pastorale-scolaire.net\/tournai-secondaire\/wp-json\/wp\/v2\/posts"}],"about":[{"href":"http:\/\/pastorale-scolaire.net\/tournai-secondaire\/wp-json\/wp\/v2\/types\/post"}],"author":[{"embeddable":true,"href":"http:\/\/pastorale-scolaire.net\/tournai-secondaire\/wp-json\/wp\/v2\/users\/1"}],"replies":[{"embeddable":true,"href":"http:\/\/pastorale-scolaire.net\/tournai-secondaire\/wp-json\/wp\/v2\/comments?post=1714"}],"version-history":[{"count":3,"href":"http:\/\/pastorale-scolaire.net\/tournai-secondaire\/wp-json\/wp\/v2\/posts\/1714\/revisions"}],"predecessor-version":[{"id":2054,"href":"http:\/\/pastorale-scolaire.net\/tournai-secondaire\/wp-json\/wp\/v2\/posts\/1714\/revisions\/2054"}],"wp:featuredmedia":[{"embeddable":true,"href":"http:\/\/pastorale-scolaire.net\/tournai-secondaire\/wp-json\/wp\/v2\/media\/196"}],"wp:attachment":[{"href":"http:\/\/pastorale-scolaire.net\/tournai-secondaire\/wp-json\/wp\/v2\/media?parent=1714"}],"wp:term":[{"taxonomy":"category","embeddable":true,"href":"http:\/\/pastorale-scolaire.net\/tournai-secondaire\/wp-json\/wp\/v2\/categories?post=1714"},{"taxonomy":"post_tag","embeddable":true,"href":"http:\/\/pastorale-scolaire.net\/tournai-secondaire\/wp-json\/wp\/v2\/tags?post=1714"}],"curies":[{"name":"wp","href":"https:\/\/api.w.org\/{rel}","templated":true}]}}