{"id":1136,"date":"2020-05-17T15:40:01","date_gmt":"2020-05-17T13:40:01","guid":{"rendered":"http:\/\/pastorale-scolaire.net\/tournai-secondaire\/?p=1136"},"modified":"2023-06-19T11:37:40","modified_gmt":"2023-06-19T09:37:40","slug":"petit-historique-de-lequipe-de-pastorale-scolaire-du-diocese-de-tournai","status":"publish","type":"post","link":"http:\/\/pastorale-scolaire.net\/tournai-secondaire\/petit-historique-de-lequipe-de-pastorale-scolaire-du-diocese-de-tournai\/","title":{"rendered":"Petit historique de l&rsquo;\u00e9quipe de pastorale scolaire du dioc\u00e8se de Tournai"},"content":{"rendered":"\t\t<div data-elementor-type=\"wp-post\" data-elementor-id=\"1136\" class=\"elementor elementor-1136\">\n\t\t\t\t\t\t\t\t\t<section class=\"elementor-section elementor-top-section elementor-element elementor-element-1800ff5 elementor-section-boxed elementor-section-height-default elementor-section-height-default\" data-id=\"1800ff5\" data-element_type=\"section\">\n\t\t\t\t\t\t<div class=\"elementor-container elementor-column-gap-default\">\n\t\t\t\t\t<div class=\"elementor-column elementor-col-100 elementor-top-column elementor-element elementor-element-029690e\" data-id=\"029690e\" data-element_type=\"column\">\n\t\t\t<div class=\"elementor-widget-wrap elementor-element-populated\">\n\t\t\t\t\t\t\t\t<div class=\"elementor-element elementor-element-0f99cc2 elementor-widget elementor-widget-heading\" data-id=\"0f99cc2\" data-element_type=\"widget\" data-widget_type=\"heading.default\">\n\t\t\t\t<div class=\"elementor-widget-container\">\n\t\t\t<h1 class=\"elementor-heading-title elementor-size-medium\">M\u00e9moires des activit\u00e9s men\u00e9es par l\u2019\u00e9quipe pastorale dioc\u00e9saine du secondaire<br>depuis septembre 2013<\/h1>\t\t<\/div>\n\t\t\t\t<\/div>\n\t\t\t\t\t<\/div>\n\t\t<\/div>\n\t\t\t\t\t\t\t<\/div>\n\t\t<\/section>\n\t\t\t\t<section class=\"elementor-section elementor-top-section elementor-element elementor-element-4809653 elementor-section-boxed elementor-section-height-default elementor-section-height-default\" data-id=\"4809653\" data-element_type=\"section\">\n\t\t\t\t\t\t<div class=\"elementor-container elementor-column-gap-default\">\n\t\t\t\t\t<div class=\"elementor-column elementor-col-100 elementor-top-column elementor-element elementor-element-dddd339\" data-id=\"dddd339\" data-element_type=\"column\">\n\t\t\t<div class=\"elementor-widget-wrap elementor-element-populated\">\n\t\t\t\t\t\t\t\t<div class=\"elementor-element elementor-element-6db3ddf elementor-widget elementor-widget-text-editor\" data-id=\"6db3ddf\" data-element_type=\"widget\" data-widget_type=\"text-editor.default\">\n\t\t\t\t<div class=\"elementor-widget-container\">\n\t\t\t\t\t\t\t<h2>2022-2023<\/h2><p><em><strong>Journ\u00e9e dioc\u00e9saine :<\/strong><\/em>\u00a0Mardi 11 octobre 2022 GPH Gosselies : A la d\u00e9couverte de la nouvelle \u00e9dition de \u00ab\u00a0Mission de l&rsquo;\u00e9cole chr\u00e9tienne\u00a0\u00bb : Invitation \u00e0 partir \u00e0 la d\u00e9couverte de la nouvelle mouture du projet \u00e9ducatif de l\u2019\u00e9cole catholique \u00ab Mission de l\u2019\u00e9cole chr\u00e9tienne \u00bb (publi\u00e9e en 2021) pour en percevoir toute la pertinence et les enjeux. Une l\u2019occasion de mettre en \u00e9vidence la modernit\u00e9 de ce projet, sa vision prospective, et l\u2019urgence de le faire (re)d\u00e9couvrir \u00e0 tous les acteurs de l\u2019enseignement. Avec Vincent Flamand.<\/p><ul><li><em><strong>Matin\u00e9es de pastorale :<\/strong><\/em> <br \/>Une matin\u00e9e de pastorale pour sensibiliser \u00e0 MEC 14 mars :\u00a0La rencontre r\u00e9gionale de Pastorale scolaire a permis \u00e0 celles et ceux qui le souhaitaient d\u2019accompagner la mise en \u0153uvre, en \u00e9cole, des perspectives ouvertes par la Journ\u00e9e dioc\u00e9saine du 11 octobre. Une rencontre riche en d\u00e9couvertes et en \u00e9changes.<\/li><li>Une matin\u00e9e enseignement sp\u00e9cialis\u00e9 30 mars (+ repas) : Une autre rencontre r\u00e9gionale de Pastorale scolaire, \u00e0 l\u2019attention des \u00e9tablissements d\u2019enseignement sp\u00e9cialis\u00e9, a eu lieu le jeudi 30 mars 2023 \u00e0 l\u2019\u00e9cole Les Rocailles de Houdeng-Aimeries. Apr\u00e8s nos \u00e9changes du matin, la rencontre s\u2019est termin\u00e9e par un repas pr\u00e9par\u00e9 par la section h\u00f4tellerie de l\u2019\u00e9cole.<\/li><\/ul><p><strong><em>Ressourcement :<\/em><\/strong> Soleilmont 15 avril 2023 : Se savoir pr\u00e9c\u00e9d\u00e9\u2026 Avant m\u00eame que nous cherchions Dieu, c\u2019est Lui qui nous cherche &#8211; La journ\u00e9e de ressourcement pour les enseignants a eu lieu le samedi 15 avril 2023 dans le magnifique cadre de l\u2019abbaye de Soleilmont, \u00e0 Fleurus. C\u2019est l\u2019abb\u00e9 Ronald Maton, ancien professeur de math\u00e9matique et actuellement aum\u00f4nier de la prison de Jamioulx qui a accompagn\u00e9 notre journ\u00e9e, sur le th\u00e8me : \u00ab Se savoir pr\u00e9c\u00e9d\u00e9\u2026 Avant m\u00eame que nous cherchions Dieu, c\u2019est Lui qui nous cherche \u00bb.<\/p><p><em><strong>Journ\u00e9e du Sens :<\/strong><\/em> Journ\u00e9e du sens 12 avril 2023 avec Anne-Dauphine Julliand &#8211; L&rsquo;\u00e9dition de la Journ\u00e9e du Sens, organis\u00e9e chaque ann\u00e9e pour les \u00e9quipes de direction, a eu lieu au Coll\u00e8ge Saint-Augustin d\u2019Enghien, le mercredi 12 avril 2023. Les participants \u00e0 l\u2019AG d\u2019ADI-Hainaut avaient d\u00e9j\u00e0 pu avoir un \u00ab avant-go\u00fbt \u00bb de cette rencontre qui proposait une r\u00e9flexion sur la th\u00e9matique du temps : alors que le temps nous manque si souvent, et que nous courrons apr\u00e8s le temps, comment parvenir malgr\u00e9 tout \u00e0 vivre des moments de qualit\u00e9 avec nos proches ? Nous avons eu la joie d\u2019accueillir le t\u00e9moignage d\u2019Anne-Dauphine Julliand, auteure notamment du best-seller Deux petits pas sur le sable mouill\u00e9 et de Consolation.<\/p><h2>2021-2022<\/h2><p><em><strong>Journ\u00e9e dioc\u00e9saine :<\/strong><\/em> Mardi 19 octobre 2021 CES Saint-Vincent de Soignies : \u00ab A la red\u00e9couverte de J\u00e9sus, cet inconnu\u2026 \u00bb Le chr\u00e9tien est un \u00ab disciple de la Voie \u00bb : ce qui sous-tend l\u2019approche particuli\u00e8re du vivre-ensemble propos\u00e9e par nos \u00e9coles, c\u2019est la fa\u00e7on dont un certain J\u00e9sus de Nazareth a souhait\u00e9 s\u2019engager dans l\u2019existence et b\u00e2tir ses relations, en vue d\u2019une humanit\u00e9 pleinement accomplie et fraternelle. L\u2019\u00e9cole chr\u00e9tienne ne s\u2019inspire donc pas d\u2019une id\u00e9ologie ou d\u2019un syst\u00e8me de pens\u00e9e, mais inscrit son action dans les pas de quelqu\u2019un qui a marqu\u00e9 durablement l\u2019histoire de l\u2019humanit\u00e9, par sa mani\u00e8re d\u2019\u00eatre et d\u2019adresser la parole. Avec Dominique Collin.<\/p><p><em><strong>Matin\u00e9es de pastorale :<\/strong><\/em> Deux rendez-vous faisant suite \u00e0 notre journ\u00e9e dioc\u00e9saine de novembre \u00ab \u00e0 la rencontre de J\u00e9sus, cet inconnu \u00bb.<\/p><ul><li>Le mardi 8 f\u00e9vrier 2022 par visio : J\u00e9sus dans les textes bibliques &#8211; Rencontrer J\u00e9sus dans les Ecritures. Pour rencontrer J\u00e9sus, mieux conna\u00eetre qui il est, d\u00e9couvrir sa vision de l\u2019humain et sa conception du vivre ensemble, la Bible reste une source incontournable. Encore faut-il disposer de quelques cl\u00e9s pour y entrer\u2026<\/li><li>Le jeudi 10 mars 2022 \u00e0 la MDE de Mons : J\u00e9sus dans l&rsquo;art &#8211; avec Benjamin Sti\u00e9venart qui nous a guid\u00e9 dans la fa\u00e7on de construire, pour nos \u00e9l\u00e8ves, une animation ou une s\u00e9quence de cours s\u2019appuyant sur les ressources artistiques, pour nous (re)poser la question de la pertinence de la figure du Christ et de son message.<\/li><\/ul><p><em><strong>Ressourcement :<\/strong><\/em> samedi 14 mai 2022 &#8211; \u00ab\u00a0Les disciples d\u2019Emma\u00fcs\u00a0\u00bb. Le cheminement de la foi sur les chemins de nos vies, avec l\u2019abb\u00e9 Jacques Piton \u00e0 l\u2019abbaye de Soleilmont.<\/p><p><em><strong>Journ\u00e9e du Sens :<\/strong><\/em> 24 mars 2022 dans le grand th\u00e9\u00e2tre de l&rsquo;Institut Saint-Luc de Tournai &#8211; L\u2019\u00e9co-spiritualit\u00e9 un \u00ab art de vivre \u00bb au c\u0153ur des multiples transitions pr\u00e9sentes et \u00e0 venir<\/p><h2>2020 &#8211; 2021<\/h2><p><strong><em>Journ\u00e9e dioc\u00e9saine :<\/em><\/strong> Mardi 20 octobre 2020 \u00e0 l&rsquo;\u00e9cole des Arts et M\u00e9tiers d&rsquo;Erquelinnes : Comment retrouver l\u2019autre pour mieux b\u00e2tir notre \u00ab maison commune \u00bb (Laudato Si) ?; quelques cl\u00e9s pour sortir de l\u2019isolement et de l\u2019individualisme ambiant, et (re)tisser des liens avec les autres avec Josianne Gauthier (CIDSE) et Dolor\u00e8s Fourneau (Entraide et Fraternit\u00e9)<\/p><p><strong><em>Matin\u00e9es de pastorale : <\/em><\/strong>Deux rendez-vous par visio<\/p><ul><li>Le vendredi 5 mars 2021, de 9h \u00e0 12h : Comment accompagner la mise en \u0153uvre, en \u00e9cole, des pistes d&rsquo;animation propos\u00e9es lors de la journ\u00e9e dioc\u00e9saine du 20 octobre<\/li><li>Le mardi 23 mars 2021, de 9h \u00e0 12h, pour les enseignants de l&rsquo;enseignement sp\u00e9cialis\u00e9 : Partage d&rsquo;exp\u00e9riences v\u00e9cues en \u00e9cole et pr\u00e9sentation des \u00ab\u00a0Pasto&rsquo;F\u00eates\u00a0\u00bb pour No\u00ebl et P\u00e2ques, propos\u00e9s par Andr\u00e9 Ronflette de la pastorale scolaire du fondamental<\/li><\/ul><p><strong><em>Ressourcement :<\/em><\/strong> \u00ab\u00a0Que reste-t-il quand il ne reste plus rien ?\u00a0\u00bb &#8211; report\u00e9 puis annul\u00e9 \u00e0 cause de la pand\u00e9mie Covid19<\/p><p><strong><em>Journ\u00e9e du Sens :<\/em><\/strong> 18 mars 2021 \u00e0 la Maison dioc\u00e9saine de l&rsquo;Enseignement \u00e0 Mons et en visio &#8211; \u00ab\u00a0Tous diff\u00e9rents, tous pareils\u2026 Une question de regard\u00a0\u00bb avec Josef Schovanec, philosophe, \u00e9crivain fran\u00e7ais et voyageur autiste, militant pour la dignit\u00e9 des personnes autistes, Claude Klimsza, sculpteur roubaisien, et le t\u00e9moignage de l&rsquo;exp\u00e9rience d&rsquo;inclusion de Florentin, un \u00e9l\u00e8ve sourd profond, accompagn\u00e9 par l&rsquo;\u00e9quipe \u00e9ducative du CSA d&rsquo;Enghien<\/p><h2>2019 &#8211; 2020<\/h2><p><strong><em>Journ\u00e9e dioc\u00e9saine :<\/em><\/strong> Jeudi 14 novembre 2019 au CES Saint-Vincent de Soignies\u00a0: Ose les chemins de l\u2019int\u00e9riorit\u00e9 \u2013 Va vers toi-m\u00eame\u00a0; ouvrir aux participants des pistes de r\u00e9flexion et d\u2019action en \u00e9cole \u00e0 propos de la dimension spirituelle de l\u2019existence, avec Sr Florence Lasnier, responsable du centre spirituel ND de la Justice \u00e0 Rhode-St-Gen\u00e8se<\/p><p><strong><em>Matin\u00e9es de pastorale : <\/em><\/strong>Trois rendez-vous au choix, en fonction des projet et des possibilit\u00e9s offertes par les \u00e9coles, \u00e0 la Maison Dioc\u00e9saine de l&rsquo;Enseignement (MDE)<\/p><ul><li>Le lundi 27 janvier 2020, de 9h \u00e0 12h: Pistes pour vivre un moment de ressourcement et d\u2019int\u00e9riorit\u00e9 en \u00e9cole<\/li><li>Le lundi 3 f\u00e9vrier 2020, de 9h \u00e0 12h: Comment construire une journ\u00e9e de retraite en dehors de mon \u00e9cole ?<\/li><li>Le vendredi 6 mars 2020, de 9h \u00e0 12h: Proposer une retraite de trois jours, comment m\u2019y prendre ?<\/li><\/ul><p><strong><em>Ressourcement :<\/em><\/strong> 8 f\u00e9vrier 2020 \u00e0 Soleilmont &#8211; \u00ab\u00a0Accueillir l&rsquo;inattendu de Dieu\u00a0\u00bb. L\u2019objectif de la journ\u00e9e est de revisiter, personnellement, le fil de notre vie et d\u2019y d\u00e9couvrir, gr\u00e2ce \u00e0 quelques cl\u00e9s de relecture, la pr\u00e9sence parfois surprenante d\u2019un Dieu qui chemine avec nous&#8230;<br \/>Journ\u00e9e anim\u00e9e par Bernard Ghislain, animateur dioc\u00e9sain en Pastorale Scolaire<\/p><p><strong><em>Journ\u00e9e du Sens :<\/em><\/strong> 19 mars 2020 &#8211; report\u00e9e au mois de mars 2021 \u00e0 cause de l&rsquo;\u00e9pid\u00e9mie Covid19<\/p><h2>2018 &#8211; 2019<\/h2><p><strong><em>R\u00e9gionales :\u00a0<\/em><\/strong>Pas de r\u00e9gionales organis\u00e9es durant l\u2019ann\u00e9e, mais rencontre avec des enseignants du sp\u00e9cialis\u00e9 le 8 mai 2019 \u00e0 la MDE de Mons, avec l\u2019objectif de proposer une journ\u00e9e pastorale adapt\u00e9e \u00e0 leurs attentes sp\u00e9cifiques.<\/p><p>Participation aux diff\u00e9rentes rencontres r\u00e9gionales des directions avec l\u2019\u00e9quipe du SEDESS.<\/p><p><strong><em>Journ\u00e9e dioc\u00e9saine :<\/em><\/strong> Jeudi 15 novembre 2018 au CES Saint-Augustin Enghien &#8211; Dans le cadre du Pacte d\u2019Excellence, vivre une d\u00e9marche de fid\u00e9lit\u00e9 cr\u00e9atrice \u00e0 notre projet \u00e9ducatif \u00ab\u00a0Mission de l\u2019\u00e9cole chr\u00e9tienne\u00a0\u00bb anim\u00e9e par Bernard Peeters, SJ<\/p><p><strong><em>Ressourcement :<\/em><\/strong> 23 f\u00e9vrier 2019 \u00e0 Soleilmont &#8211; \u00ab\u00a0A la lumi\u00e8re d&rsquo;une journ\u00e9e type de J\u00e9sus (Marc 1, 21-45) et de la journ\u00e9e d&rsquo;une moniale trouver le meilleur \u00e9quilibre entre vie personnelle et relationnelle, professionnelle et spirituelle et pouvoir ainsi unifier notre vie au quotidien\u00a0\u00bb avec l\u2019abb\u00e9 Jacques Piton, vicaire \u00e9piscopal charg\u00e9 de l\u2019enseignement.<\/p><p><strong><em>Journ\u00e9e du Sens :<\/em><\/strong> 14 mars 2019 \u00e0 l\u2019Orangerie de GPH, \u00e0 Gosselies &#8211; \u00ab\u00a0Chercher la \u00ab juste \u00bb articulation entre justice et pardon\u00a0\u00bb avec Thierry Moreau, avocat au Barreau du Brabant Wallon, professeur extraordinaire \u00e0 l\u2019UCLouvain, Philippe Landenne, j\u00e9suite, aum\u00f4nier de prison pendant 30 ans, formateur en justice restauratrice et Herv\u00e9 Douchy, violoncelliste.<\/p><h2>2017 &#8211; 2018<\/h2><p><strong><em>R\u00e9gionales<\/em><\/strong><\/p><p>1<sup>er<\/sup> trim\u00a0: Les RP de ce trimestre ont \u00e9t\u00e9 consacr\u00e9es \u00e0 la pr\u00e9sentation du concours de courts-m\u00e9trages \u00ab\u00a099 BALLONS ROUGES POUR L&rsquo;ETOILE VEGA\u00a0\u00bb dans le but de susciter des chantiers cr\u00e9atifs en \u00e9cole.<\/p><p>\u00ab\u00a0Il s\u2019agit de continuer \u00e0 donner la parole \u00e0 la jeunesse du dioc\u00e8se gr\u00e2ce \u00e0 l\u2019utilisation cr\u00e9ative des m\u00e9dias audio-visuels. Leur proposer un chemin de croissance. Les inviter par un accompagnement appropri\u00e9, \u00e0 creuser, au c\u0153ur de leur clip, la question du Sens de la vie et de leur vie et \u00e0 r\u00e9fl\u00e9chir aux grands enjeux du monde contemporain \u00e0 partir de leurs sensibilit\u00e9s, de leurs besoins et de leurs esp\u00e9rances. Leur permettre d\u2019\u00eatre entendus dans et hors les murs de l\u2019\u00e9cole. En ce sens le \u00ab sc\u00e9nario-fiction \u00bb propos\u00e9 comme cadre de d\u00e9part est \u00e9videmment un pr\u00e9texte pour structurer et lib\u00e9rer l\u2019expression des jeunes.\u00a0\u00bb<\/p><ul><li>12-10-2017 Ecole des Fr\u00e8res Tournai<\/li><li>12-10-2017 Institut St-Fran\u00e7ois Ath<\/li><li>19-10-2017 St-Joseph-ND Charleroi<\/li><li>26-10-2017 Institut Sainte-Marie La Louvi\u00e8re<\/li><li>26-10-2017 INDBE Braine-le-Comte<\/li><li>9-11-2017 IMCE Erquelinnes<\/li><\/ul><p>2<sup>e<\/sup> trim\u00a0: l\u2019\u00e9quipe de pastorale s\u2019est rendue en fonction des besoins et des demandes dans diff\u00e9rentes \u00e9coles participantes au concours de courts-m\u00e9trages en amont du travail de Filippo Giancola (conseiller technique du festival).<\/p><p><strong><em>Journ\u00e9e PSS :<\/em><\/strong> 16 novembre 2017 aux Ursulines de Mons &#8211; \u00ab\u00a0Les jeunes et le sens\u00a0\u00bb avec Myriam Tonus<\/p><p><strong><em>Ressourcement :<\/em><\/strong> 3 f\u00e9vrier 2018 \u00e0 Soleilmont &#8211; \u00ab\u00a0La diaconie comme dimension constitutive de la foi chr\u00e9tienne\u00a0\u00bb avec le vicaire Giorgio Tesolin<\/p><p><strong><em>Journ\u00e9e du Sens :<\/em><\/strong> 22 mars 2018 \u00e0 CSA Enghien avec en matin\u00e9e Dominique Collin op, Beno\u00eet Mariage et le groupe \u00ab\u00a0Belem\u00a0\u00bb (Didier Laloy et Kathy Adam), et en apr\u00e8s-midi projection des 9 films prim\u00e9s en pr\u00e9sence des \u00e9quipes des jeunes et de leurs r\u00e9f\u00e9rents.<\/p><h2>2016 &#8211; 2017<\/h2><p><strong><em>R\u00e9gionales<\/em><\/strong><\/p><p>1<sup>er<\/sup> trim\u00a0: \u00ab Catholique, mon \u00e9cole ? Euh, vous \u00eates certains ? \u00c7a change quoi ? Tout ? Rien ? On doit faire une messe \u00e0 No\u00ebl ? A moins que&#8230; un petit d\u00e9jeuner Oxfam ? Parler d\u00e8s qu\u2019on peut de J\u00e9sus ? Je ne suis pas tr\u00e8s \u00e0 l\u2019aise quand je dois parler de cela aux profs que j\u2019engage. Nous, on veut accueillir tout le monde, pas faire une \u00e9cole r\u00e9serv\u00e9e \u00e0 certains. Alors, la religion, vous comprenez&#8230; Comment on fait pour \u00eatre ouvert \u00e0 tous quand on a une identit\u00e9 sp\u00e9cifique ? \u00c0 moins que ce ne soit qu\u2019une histoire de valeurs ? Oui, mais les valeurs, c\u2019est ce qu\u2019on a tous en commun&#8230; Qu\u2019est-ce que cela a \u00e0 voir avec le christianisme (chr\u00e9tien, je veux encore bien mais catho\u2026) ? Je n\u2019ai rien contre l\u2019\u00c9vangile, mais l\u2019\u00c9glise, bof. D\u2019ailleurs, je ne vois pas en quoi la r\u00e9f\u00e9rence catholique peut influencer ma fonction de direction [d\u2019enseignant, d\u2019\u00e9ducateur] ou le travail de mon \u00e9quipe. Et, sinc\u00e8rement, vous ne pensez pas qu\u2019il y a des questions plus urgentes ? \u00bb<\/p><ul><li>20-10-2016 Institut Don Bosco \u00e0 Tournai<\/li><li>20-10-2016 Institut des Fr\u00e8res Maristes \u00e0 Mouscron<\/li><li>27-10- 2016 Ecole Les Rocailles \u00e0 La Louvi\u00e8re<\/li><li>27-10-2016 Coll\u00e8ge Sainte-Marie \u00e0 St Ghislain<\/li><li>10-11-2016 CES Saint-Vincent \u00e0 Soignies<\/li><li>17-11- 2016 Institut Notre Dame \u00e0 Philippeville<\/li><li>17-11-2016 Institut Sainte-Marie \u00e0 Chatelet<\/li><\/ul><p>2<sup>e<\/sup> semestre\u00a0: dans le prolongement du s\u00e9minaire sur le sens de l\u2019\u00e9cole chr\u00e9tienne, anim\u00e9 par Vincent Flamand du service d\u2019\u00e9tudes et suivi par l\u2019\u00e9quipe dioc\u00e9saine, proposition de 4 rencontres th\u00e9matiques co-anim\u00e9es avec Vincent Flamand<\/p><ul><li>23-02-2017 Institut Ste-Anne de Gosselies \u00ab\u00a0R\u00e9f\u00e9rence chr\u00e9tienne : nous sommes b\u00e9n\u00e9ficiaires d\u2019un h\u00e9ritage. D\u00e9sirons-nous le partager en \u00e9cole ? Comment ?\u00a0\u00bb<\/li><li>23-03-2017 Ursulines de Mons \u00ab\u00a0Jeunes et besoin de sens\u00a0\u00bb<\/li><li>27-04-2017 CSA Enghien \u00ab\u00a0Relation prof-\u00e9l\u00e8ve\u00a0: le Christ, un mod\u00e8le inspirant\u00a0?\u00a0\u00bb<\/li><li>18-05-2017 CESU Tournai \u00ab \u2018La Pastorale\u2019 : allergies, peurs, col\u00e8re, indiff\u00e9rence, crispation, ras-le-bol\u2026 et apr\u00e8s ?\u00a0\u00bb<\/li><\/ul><p><strong><em>Journ\u00e9e PSS :<\/em><\/strong> 8 novembre 2016 \u00e0 Enghien &#8211; \u00ab L\u2019Ecole en dialogue \u00bb avec Vincent Flamand et Hicham Abdel Gawad<\/p><p><strong><em>Ressourcement :<\/em><\/strong> 4 f\u00e9vrier 2017 \u00e0 Soleilmont &#8211; \u00ab\u00a0De l&rsquo;eucharistie se d\u00e9gage une vision de l&rsquo;homme. Toute notre humanit\u00e9 en effet est assum\u00e9e et transfigur\u00e9e par l&rsquo;eucharistie.\u00a0\u00bb avec M. le vicaire Ph. Vermeersch<\/p><p><strong><em>Journ\u00e9e laboratoire\u00a0:<\/em><\/strong> 19 janvier 2017 \u00e0 la MDE Mons &#8211; \u00ab\u00a0Ecouter la parole des jeunes, l\u2019accompagner et faire \u00e9merger des ressources insoup\u00e7onn\u00e9es\u00a0\u00bb avec Anne Leblanc, Fran\u00e7ois Saucin, Jean-Pol Gallez, Jos\u00e9 Montero, Eric Leloir et Laurent George<\/p><p><strong><em>Journ\u00e9e du Sens\u00a0:<\/em><\/strong> 15 mai 2017 \u00e0 GPH Gosselies &#8211; \u00ab\u00a0Chemins d\u2019int\u00e9gration(s) et d\u2019inspiration(s)\u00a0\u00bb avec Luc De Keersmaeker, Christine Deltour, Marc Sluse, Gilles Abel, Karine Dumoulin, Iacopo Bruno et Charlotte Fischer<\/p><h2>2015 &#8211; 2016<\/h2><p><strong><em>R\u00e9gionales<\/em><\/strong><\/p><p>1<sup>er<\/sup> trim\u00a0: Comment les jeunes du XXI\u00e8me si\u00e8cle s\u2019y retrouvent-ils ? Comment appr\u00e9hendent-ils le monde qui les entoure, leur avenir ? Qu\u2019ont-ils dans le c\u0153ur et la t\u00eate ? Quels sont leurs vrais besoins ? Quelle est leur recherche de sens, leur soif d\u2019id\u00e9al ? Leur(s) vision(s) du monde ? Pourquoi certains d\u2019entre eux tombent-ils dans les pi\u00e8ges de Daech et de ses janissaires comme attir\u00e9s par un rite sacrificiel ? Et s\u2019ils cherchent des r\u00e9ponses en phase avec leurs besoins existentiels, o\u00f9 les trouvent-ils ? Ces questions ont \u00e9t\u00e9 abord\u00e9es \u00e0 partir d\u2019un fichier audio sur l\u2019ouvrage \u00ab\u00a0mais qu\u2019est-ce que tu as dans la t\u00eate\u00a0?\u00a0\u00bb de Philippe van Meerbeeck<\/p><ul><li>15-10-2015 Coll\u00e8ge Saint-Augustin \u00e0 Enghien<\/li><li>22-10-2015 Maison dioc\u00e9saine de l&rsquo;Enseignement \u00e0 Mons<\/li><li>22-10-2015 Pie 10 \u00e0 Ch\u00e2telineau<\/li><li>29-10-2015 Sainte-Chr\u00e9tienne \u00e0 Chimay<\/li><li>29-10-2015 Coll\u00e8ge de Binche<\/li><li>19-11-2015 Fr\u00e8res maristes \u00e0 Mouscron<\/li><li>19-11-2015 Ecole des Fr\u00e8res \u00e0 Tournai<\/li><\/ul><p>2<sup>e<\/sup> trim\u00a0: &#8211; Choix de quelques questions spirituelles des jeunes qui demandent une r\u00e9ponse ou un espace d\u2019accompagnement sp\u00e9cifique.- Utilisation d\u2019extraits du DVD de Guy Rainotte : \u00ab Dieu, Adona\u00ef, Allah et moi \u00bb. A partir de deux ou trois extraits du DVD, construction de pistes p\u00e9dagogiques sur cet aspect de partage des convictions et des questions de jeunes croyants et\/ou en recherche de sens. &#8211; pr\u00e9sentation d\u2019une fiche p\u00e9dagogique en construction<\/p><ul><li>18-02-2016 IET Notre-Dame Charleroi<\/li><li>18-02-2016 IMCE Erquelinnes<\/li><li>10-03-2016 Ursulines Mons<\/li><li>10-03-2016 Institut Saint-Joseph La Louvi\u00e8re<\/li><li>17-03-2016 CESU Tournai<\/li><li>17-03-2016 I.T. Saint-Gabriel Braine-le-Comte<\/li><\/ul><p><strong><em>Journ\u00e9e PSS :<\/em><\/strong> 17 novembre 2015 au CSA Enghien &#8211; \u00ab\u00a0au c\u0153ur du livre blanc Paroles de Jeunes, paroles de sens\u00a0\u00bb avec Bernard Peeters sj<\/p><p><strong><em>Ressourcement :<\/em><\/strong> 23 janvier 2016 \u00e0 Soleilmont &#8211; \u00ab\u00a0Le visage de la mis\u00e9ricorde\u00a0\u00bb avec l&rsquo;abb\u00e9 Michel Van Herck<\/p><p><strong><em>Journ\u00e9e du Sens\u00a0:<\/em><\/strong> 01 mars 2016 au CSA Enghien &#8211; \u00ab\u00a0Travers\u00e9es\u00a0\u00bb avec G. Ringlet, C. Valentiny et le groupe choral li\u00e9gois \u00ab\u00a0Les Muses\u00a0\u00bb<\/p><h2>2014 &#8211; 2015<\/h2><p><strong><em>R\u00e9gionales<\/em><\/strong><\/p><p>1<sup>er<\/sup> trim\u00a0: Sens et Esp\u00e9rance<\/p><ul><li>14-10-2014 MDE Mons<\/li><li>16-10-2014 Ecole des Fr\u00e8res Tournai<\/li><li>23-10-2014 St-Henri Mouscron<\/li><li>04-11-2014 Aum\u00f4niers du Travail Charleroi<\/li><li>06-11-2014 Institut Paridaens Beaumont<\/li><\/ul><p>2<sup>e<\/sup> trim\u00a0: Dans la dynamique du livre blanc \u00ab\u00a0Paroles de jeunes &#8211; paroles de sens\u00a0\u00bb qui allait \u00eatre diffus\u00e9 en mai 2015, mise en route avec les personnes relais d\u2019un accompagnement p\u00e9dagogique pour que ces \u00ab\u00a0paroles\u00a0\u00bb donnent du fruit en \u00e9cole<\/p><ul><li>10-03-2015 Coll\u00e8ge ND Tournai<\/li><li>12-03-2015 MDE Mons<\/li><li>19-03-2015 GPH Gosselies<\/li><li>26-03-2015 St-Henri Mouscron<\/li><li>31-03-2015 Institut Ste-Chr\u00e9tienne Chimay<\/li><\/ul><p><strong><em>Journ\u00e9e PSS :<\/em><\/strong> 25 novembre 2014 au CSA Enghien &#8211; \u00ab\u00a0Aimer son temps avec Don Bosco\u00a0\u00bb avec Jean-Fran\u00e7ois Meurs, sal\u00e9sien de Don Bosco<\/p><p><strong><em>Ressourcement :<\/em><\/strong> 07 f\u00e9vrier 2015 \u00e0 Soleilmont &#8211; \u00ab\u00a0Le livre des Actes des Ap\u00f4tres &#8230; une lecture pour notre temps\u00a0\u00bb avec l\u2019abb\u00e9 G. Debevere<\/p><p>19 mai 2015 sortie du livret \u00ab\u00a0Paroles de Jeunes, paroles de sens\u00a0\u00bb \u00e0 la MDE Mons<\/p><p><strong><em>Journ\u00e9e du Sens :<\/em><\/strong> 22 mai 2015 aux ateliers des FUCAM \u00e0 Mons &#8211; \u00ab\u00a0Le go\u00fbt de l\u2019autre\u00a0\u00bb avec Elena Lasida, Antoine Menet et le groupe \u00ab\u00a0Marty and the Magic Minds\u00a0\u00bb<\/p><h2>2013 &#8211; 2014<\/h2><p><strong><em>R\u00e9gionales<\/em><\/strong><\/p><p>1<sup>er<\/sup> trim\u00a0: Education \u00e0 l\u2019int\u00e9riorit\u00e9<\/p><ul><li>3-10-2013 MDE Mons<\/li><li>8-10-2013 Coll\u00e8ge ND Tournai<\/li><li>10-10-2013 Aum\u00f4niers du Travail Charleroi<\/li><li>15-10-2013 St-Henri Mouscron<\/li><li>17-10-2013 Institut Paridaens Beaumont<\/li><\/ul><p>2<sup>e<\/sup> trim\u00a0: Education \u00e0 la l\u2019int\u00e9riorit\u00e9 &#8211; suite<\/p><ul><li>4-02-2014 MDE Mons<\/li><li>6-02-2014 Ecole des Fr\u00e8res Tournai<\/li><li>11-02-2014 Aum\u00f4niers du Travail Charleroi<\/li><li>13-02-2014 Le tremplin Mouscron<\/li><li>18-02-2014 Institut Paridaens Beaumont<\/li><\/ul><p><strong><em>Journ\u00e9e PSS :<\/em><\/strong> 26 novembre 2013 &#8211; \u00ab\u00a0Esprit &#8211; es-tu l\u00e0\u00a0? &#8230; discerner au c\u0153ur de nos vies, l\u2019\u0153uvre de l\u2019Esprit du Christ\u00a0\u00bb avec Franck Janin sj<\/p><p><strong><em>Ressourcement :<\/em><\/strong> 8 f\u00e9vrier 2014 \u00e0 Soleilmont &#8211; \u00ab\u00a0ma\u00eetre Eckhart\u00a0\u00bb avec JM Bourgeois<\/p><p><strong><em>Journ\u00e9e du Sens :<\/em><\/strong> 15 mai 2014 \u00e0 la MD de Bonne Esp\u00e9rance &#8211; \u00ab\u00a0R\u00e9silience et Esp\u00e9rance\u00a0\u00bb Alain de Broca, Luc Boland, Paolo Doss<\/p>\t\t\t\t\t\t<\/div>\n\t\t\t\t<\/div>\n\t\t\t\t\t<\/div>\n\t\t<\/div>\n\t\t\t\t\t\t\t<\/div>\n\t\t<\/section>\n\t\t\t\t\t\t\t<\/div>\n\t\t","protected":false},"excerpt":{"rendered":"<p>M\u00e9moires des activit\u00e9s men\u00e9es par l\u2019\u00e9quipe pastorale dioc\u00e9saine du secondairedepuis septembre 2013 2022-2023 Journ\u00e9e dioc\u00e9saine :\u00a0Mardi 11 octobre 2022 GPH Gosselies : A la d\u00e9couverte de la nouvelle \u00e9dition de \u00ab\u00a0Mission de l&rsquo;\u00e9cole chr\u00e9tienne\u00a0\u00bb : Invitation \u00e0 partir \u00e0 la d\u00e9couverte de la nouvelle mouture du projet \u00e9ducatif de l\u2019\u00e9cole catholique \u00ab Mission de l\u2019\u00e9cole [&hellip;]<\/p>\n","protected":false},"author":1,"featured_media":0,"comment_status":"closed","ping_status":"closed","sticky":false,"template":"","format":"standard","meta":{"ocean_post_layout":"","ocean_both_sidebars_style":"","ocean_both_sidebars_content_width":0,"ocean_both_sidebars_sidebars_width":0,"ocean_sidebar":"0","ocean_second_sidebar":"0","ocean_disable_margins":"enable","ocean_add_body_class":"","ocean_shortcode_before_top_bar":"","ocean_shortcode_after_top_bar":"","ocean_shortcode_before_header":"","ocean_shortcode_after_header":"","ocean_has_shortcode":"","ocean_shortcode_after_title":"","ocean_shortcode_before_footer_widgets":"","ocean_shortcode_after_footer_widgets":"","ocean_shortcode_before_footer_bottom":"","ocean_shortcode_after_footer_bottom":"","ocean_display_top_bar":"default","ocean_display_header":"default","ocean_header_style":"","ocean_center_header_left_menu":"0","ocean_custom_header_template":"0","ocean_custom_logo":0,"ocean_custom_retina_logo":0,"ocean_custom_logo_max_width":0,"ocean_custom_logo_tablet_max_width":0,"ocean_custom_logo_mobile_max_width":0,"ocean_custom_logo_max_height":0,"ocean_custom_logo_tablet_max_height":0,"ocean_custom_logo_mobile_max_height":0,"ocean_header_custom_menu":"0","ocean_menu_typo_font_family":"0","ocean_menu_typo_font_subset":"","ocean_menu_typo_font_size":0,"ocean_menu_typo_font_size_tablet":0,"ocean_menu_typo_font_size_mobile":0,"ocean_menu_typo_font_size_unit":"px","ocean_menu_typo_font_weight":"","ocean_menu_typo_font_weight_tablet":"","ocean_menu_typo_font_weight_mobile":"","ocean_menu_typo_transform":"","ocean_menu_typo_transform_tablet":"","ocean_menu_typo_transform_mobile":"","ocean_menu_typo_line_height":0,"ocean_menu_typo_line_height_tablet":0,"ocean_menu_typo_line_height_mobile":0,"ocean_menu_typo_line_height_unit":"","ocean_menu_typo_spacing":0,"ocean_menu_typo_spacing_tablet":0,"ocean_menu_typo_spacing_mobile":0,"ocean_menu_typo_spacing_unit":"","ocean_menu_link_color":"","ocean_menu_link_color_hover":"","ocean_menu_link_color_active":"","ocean_menu_link_background":"","ocean_menu_link_hover_background":"","ocean_menu_link_active_background":"","ocean_menu_social_links_bg":"","ocean_menu_social_hover_links_bg":"","ocean_menu_social_links_color":"","ocean_menu_social_hover_links_color":"","ocean_disable_title":"default","ocean_disable_heading":"default","ocean_post_title":"","ocean_post_subheading":"","ocean_post_title_style":"","ocean_post_title_background_color":"","ocean_post_title_background":0,"ocean_post_title_bg_image_position":"","ocean_post_title_bg_image_attachment":"","ocean_post_title_bg_image_repeat":"","ocean_post_title_bg_image_size":"","ocean_post_title_height":0,"ocean_post_title_bg_overlay":0.5,"ocean_post_title_bg_overlay_color":"","ocean_disable_breadcrumbs":"default","ocean_breadcrumbs_color":"","ocean_breadcrumbs_separator_color":"","ocean_breadcrumbs_links_color":"","ocean_breadcrumbs_links_hover_color":"","ocean_display_footer_widgets":"default","ocean_display_footer_bottom":"default","ocean_custom_footer_template":"0","ocean_post_oembed":"","ocean_post_self_hosted_media":"","ocean_post_video_embed":"","ocean_link_format":"","ocean_link_format_target":"self","ocean_quote_format":"","ocean_quote_format_link":"post","ocean_gallery_link_images":"off","ocean_gallery_id":[],"footnotes":""},"categories":[70,22],"tags":[],"class_list":["post-1136","post","type-post","status-publish","format-standard","hentry","category-archives","category-divers","entry"],"_links":{"self":[{"href":"http:\/\/pastorale-scolaire.net\/tournai-secondaire\/wp-json\/wp\/v2\/posts\/1136","targetHints":{"allow":["GET"]}}],"collection":[{"href":"http:\/\/pastorale-scolaire.net\/tournai-secondaire\/wp-json\/wp\/v2\/posts"}],"about":[{"href":"http:\/\/pastorale-scolaire.net\/tournai-secondaire\/wp-json\/wp\/v2\/types\/post"}],"author":[{"embeddable":true,"href":"http:\/\/pastorale-scolaire.net\/tournai-secondaire\/wp-json\/wp\/v2\/users\/1"}],"replies":[{"embeddable":true,"href":"http:\/\/pastorale-scolaire.net\/tournai-secondaire\/wp-json\/wp\/v2\/comments?post=1136"}],"version-history":[{"count":90,"href":"http:\/\/pastorale-scolaire.net\/tournai-secondaire\/wp-json\/wp\/v2\/posts\/1136\/revisions"}],"predecessor-version":[{"id":3115,"href":"http:\/\/pastorale-scolaire.net\/tournai-secondaire\/wp-json\/wp\/v2\/posts\/1136\/revisions\/3115"}],"wp:attachment":[{"href":"http:\/\/pastorale-scolaire.net\/tournai-secondaire\/wp-json\/wp\/v2\/media?parent=1136"}],"wp:term":[{"taxonomy":"category","embeddable":true,"href":"http:\/\/pastorale-scolaire.net\/tournai-secondaire\/wp-json\/wp\/v2\/categories?post=1136"},{"taxonomy":"post_tag","embeddable":true,"href":"http:\/\/pastorale-scolaire.net\/tournai-secondaire\/wp-json\/wp\/v2\/tags?post=1136"}],"curies":[{"name":"wp","href":"https:\/\/api.w.org\/{rel}","templated":true}]}}